{"id":35248,"date":"2026-09-02T15:59:22","date_gmt":"2026-09-02T18:59:22","guid":{"rendered":"https:\/\/www.rosarioalerta.com.ar\/site\/?p=35248"},"modified":"2026-09-02T15:59:24","modified_gmt":"2026-09-02T18:59:24","slug":"usaron-una-taser-para-reducir-a-un-hombre-que-se-cortaba-el-cuello-con-un-vidrio","status":"publish","type":"post","link":"https:\/\/www.rosarioalerta.com.ar\/site\/archivos\/35248","title":{"rendered":"Usaron una Taser para reducir a un hombre que se cortaba el cuello con un vidrio"},"content":{"rendered":"\n<p class=\"wp-block-paragraph\">El episodio ocurri\u00f3 durante la madrugada en la zona sudoeste<\/p>\n\n\n\n<p class=\"wp-block-paragraph\">Un hombre de 47 a\u00f1os fue reducido durante la madrugada de este mi\u00e9rcoles por efectivos del <strong>Comando Radioel\u00e9ctrico<\/strong>, luego de que se resistiera a ser identificado y comenzara a autolesionarse con un vidrio en la zona de <strong>Ovidio Lagos y 24 de Septiembre<\/strong>.<\/p>\n\n\n\n<p class=\"wp-block-paragraph\">El episodio ocurri\u00f3 cerca de las 0.30, seg\u00fan la informaci\u00f3n preliminar, el hombre hizo caso omiso a las indicaciones y continu\u00f3 caminando. Cuando los agentes lograron alcanzarlo, tom\u00f3 una botella de un contenedor, la rompi\u00f3 y coloc\u00f3 un fragmento contra su cuello, provoc\u00e1ndose una herida.<\/p>\n\n\n\n<figure class=\"wp-block-embed is-type-video is-provider-youtube wp-block-embed-youtube wp-embed-aspect-16-9 wp-has-aspect-ratio\"><div class=\"wp-block-embed__wrapper\">\n<div class=\"newspaper-x-video-container\"><iframe loading=\"lazy\" title=\"Usaron una Taser para reducir a un hombre que se cortaba el cuello con un vidrio\" width=\"750\" height=\"422\" src=\"https:\/\/www.youtube.com\/embed\/ai6-3NqbUuM?feature=oembed\" frameborder=\"0\" allow=\"accelerometer; autoplay; clipboard-write; encrypted-media; gyroscope; picture-in-picture; web-share\" referrerpolicy=\"strict-origin-when-cross-origin\" allowfullscreen><\/iframe><\/div>\n<\/div><\/figure>\n\n\n\n<p class=\"wp-block-paragraph\">Los efectivos intentaron persuadirlo para que depusiera su actitud. Ante el riesgo de que continuara lesion\u00e1ndose y de que la situaci\u00f3n escalara, solicitaron la presencia de un operador especializado en el uso de pistolas Taser.<\/p>\n\n\n\n<p class=\"wp-block-paragraph\">El dispositivo fue utilizado para inmovilizarlo y permiti\u00f3 controlar la situaci\u00f3n sin que resultaran heridos los agentes.<\/p>\n\n\n\n<p class=\"wp-block-paragraph\"><strong>Emiliano Enrique C de 47 a\u00f1os<\/strong> fue asistido por el <strong>SIES<\/strong> y le constataron que presentaba una escoriaci\u00f3n cervical superficial y determin\u00f3 que no era necesario trasladarlo a un centro de salud.<\/p>\n\n\n\n<p class=\"wp-block-paragraph\">Luego fue llevado a una dependencia policial. En el lugar tambi\u00e9n secuestraron el fragmento de botella utilizado durante el episodio.<\/p>\n\n\n\n<p class=\"wp-block-paragraph\">La intervenci\u00f3n se realiz\u00f3 mediante un dispositivo considerado de baja letalidad, incorporado para situaciones que requieren una aplicaci\u00f3n gradual de la fuerza<\/p>\n<div class=\"newspaper-x-tags\"><strong>TAGS: <\/strong><span><a href=\"https:\/\/www.rosarioalerta.com.ar\/site\/archivos\/tag\/noticias-de-rosario\" rel=\"tag\">Noticias de Rosario<\/a><\/span><a href=\"https:\/\/www.rosarioalerta.com.ar\/site\/archivos\/tag\/rosario\" rel=\"tag\">Rosario<\/a><\/span><a href=\"https:\/\/www.rosarioalerta.com.ar\/site\/archivos\/tag\/santa-fe\" rel=\"tag\">Santa Fe<\/a><\/span><a href=\"https:\/\/www.rosarioalerta.com.ar\/site\/archivos\/tag\/taser\" rel=\"tag\">Taser<\/a> <\/div>","protected":false},"excerpt":{"rendered":"<p>El episodio ocurri\u00f3 durante la madrugada en la zona sudoeste Un hombre de 47 a\u00f1os fue reducido durante la madrugada de este mi\u00e9rcoles por efectivos del Comando Radioel\u00e9ctrico, luego de que se resistiera a ser identificado y comenzara a autolesionarse con un vidrio en la zona de Ovidio Lagos y 24 de Septiembre. El episodio [&hellip;]<\/p>\n","protected":false},"author":2,"featured_media":35249,"comment_status":"open","ping_status":"open","sticky":false,"template":"","format":"standard","meta":{"_joinchat":[],"footnotes":""},"categories":[11,21,14],"tags":[95,55,65,775],"class_list":["post-35248","post","type-post","status-publish","format-standard","has-post-thumbnail","hentry","category-detenidos","category-noticias","category-policiales","tag-noticias-de-rosario","tag-rosario","tag-santa-fe","tag-taser"],"_links":{"self":[{"href":"https:\/\/www.rosarioalerta.com.ar\/site\/wp-json\/wp\/v2\/posts\/35248","targetHints":{"allow":["GET"]}}],"collection":[{"href":"https:\/\/www.rosarioalerta.com.ar\/site\/wp-json\/wp\/v2\/posts"}],"about":[{"href":"https:\/\/www.rosarioalerta.com.ar\/site\/wp-json\/wp\/v2\/types\/post"}],"author":[{"embeddable":true,"href":"https:\/\/www.rosarioalerta.com.ar\/site\/wp-json\/wp\/v2\/users\/2"}],"replies":[{"embeddable":true,"href":"https:\/\/www.rosarioalerta.com.ar\/site\/wp-json\/wp\/v2\/comments?post=35248"}],"version-history":[{"count":1,"href":"https:\/\/www.rosarioalerta.com.ar\/site\/wp-json\/wp\/v2\/posts\/35248\/revisions"}],"predecessor-version":[{"id":35250,"href":"https:\/\/www.rosarioalerta.com.ar\/site\/wp-json\/wp\/v2\/posts\/35248\/revisions\/35250"}],"wp:featuredmedia":[{"embeddable":true,"href":"https:\/\/www.rosarioalerta.com.ar\/site\/wp-json\/wp\/v2\/media\/35249"}],"wp:attachment":[{"href":"https:\/\/www.rosarioalerta.com.ar\/site\/wp-json\/wp\/v2\/media?parent=35248"}],"wp:term":[{"taxonomy":"category","embeddable":true,"href":"https:\/\/www.rosarioalerta.com.ar\/site\/wp-json\/wp\/v2\/categories?post=35248"},{"taxonomy":"post_tag","embeddable":true,"href":"https:\/\/www.rosarioalerta.com.ar\/site\/wp-json\/wp\/v2\/tags?post=35248"}],"curies":[{"name":"wp","href":"https:\/\/api.w.org\/{rel}","templated":true}]}}