{"id":35245,"date":"2026-09-02T15:51:56","date_gmt":"2026-09-02T18:51:56","guid":{"rendered":"https:\/\/www.rosarioalerta.com.ar\/site\/?p=35245"},"modified":"2026-09-02T15:52:05","modified_gmt":"2026-09-02T18:52:05","slug":"carcarana-derribaron-un-bunker-de-drogas-y-ya-son-138-en-toda-la-provincia","status":"publish","type":"post","link":"https:\/\/www.rosarioalerta.com.ar\/site\/archivos\/35245","title":{"rendered":"Carcara\u00f1\u00e1: derribaron un b\u00fanker de drogas y ya son 138 en toda la provincia"},"content":{"rendered":"\n<p class=\"wp-block-paragraph\">El inmueble estaba ubicado en Bermejo al 1600 y era investigado como punto de venta y acopio de coca\u00edna<\/p>\n\n\n\n<p class=\"wp-block-paragraph\">El <strong>Gobierno de Santa Fe<\/strong> y el <strong>Ministerio P\u00fablico de la Acusaci\u00f3n<\/strong> (MPA) supervisaron este mi\u00e9rcoles <strong>el derribo de un b\u00fanker de drogas ubicado<\/strong> en <strong>Bermejo 1643<\/strong>, de <strong>Carcara\u00f1\u00e1<\/strong>. La medida se concret\u00f3 luego de una investigaci\u00f3n que detect\u00f3 venta y acopio de coca\u00edna en el inmueble.<\/p>\n\n\n\n<p class=\"wp-block-paragraph\">El operativo se realiz\u00f3 en el marco de la <strong>Ley de Microtr\u00e1fico<\/strong> y representa el primer derribo de un punto de estas caracter\u00edsticas en la ciudad. Con este procedimiento, <strong>ya son 17 los inmuebles demolidos en el departamento San Lorenzo y 138 en toda la provincia<\/strong> desde la aplicaci\u00f3n de la norma.<\/p>\n\n\n\n<p class=\"wp-block-paragraph\">El fiscal <strong>C\u00e9sar Cabrera<\/strong> explic\u00f3 que la pesquisa comenz\u00f3 a partir de un relevamiento de zonas conflictivas realizado junto con autoridades locales. Posteriormente, se solicitaron informes policiales para confirmar la actividad.<\/p>\n\n\n\n<p class=\"wp-block-paragraph\">Seg\u00fan indic\u00f3, en el domicilio se encontr\u00f3 coca\u00edna fraccionada y se estableci\u00f3 que tambi\u00e9n era utilizado para almacenar estupefacientes. El fiscal se\u00f1al\u00f3 que hubo procedimientos anteriores y personas detenidas, pero la actividad habr\u00eda continuado con nuevos involucrados.<\/p>\n\n\n\n<p class=\"wp-block-paragraph\">El secretario de Seguridad, <strong>Omar Pereira<\/strong>, sostuvo que estos lugares no solo funcionan como puntos de venta, sino que tambi\u00e9n pueden convertirse en focos de violencia. Record\u00f3 que en distintos sectores se registraron balaceras y homicidios vinculados con este tipo de actividad.<\/p>\n\n\n\n<p class=\"wp-block-paragraph\">El intendente <strong>Miguel \u00c1ngel V\u00e1zquez<\/strong> describi\u00f3 la zona como un sector afectado durante a\u00f1os por usurpaciones y problemas vinculados al narcotr\u00e1fico. Destac\u00f3 que la intervenci\u00f3n busca recuperar la tranquilidad de los vecinos.<\/p>\n\n\n\n<p class=\"wp-block-paragraph\">El inmueble qued\u00f3 inactivado y la medida forma parte de los procedimientos realizados desde la implementaci\u00f3n de la Ley de Microtr\u00e1fico.<\/p>\n<div class=\"newspaper-x-tags\"><strong>TAGS: <\/strong><span><a href=\"https:\/\/www.rosarioalerta.com.ar\/site\/archivos\/tag\/carcarana\" rel=\"tag\">Carcara\u00f1\u00e1<\/a><\/span><a href=\"https:\/\/www.rosarioalerta.com.ar\/site\/archivos\/tag\/noticias-de-carcarana\" rel=\"tag\">Noticias de Carcara\u00f1\u00e1<\/a><\/span><a href=\"https:\/\/www.rosarioalerta.com.ar\/site\/archivos\/tag\/noticias-de-rosario\" rel=\"tag\">Noticias de Rosario<\/a><\/span><a href=\"https:\/\/www.rosarioalerta.com.ar\/site\/archivos\/tag\/noticias-de-san-lorenzo\" rel=\"tag\">Noticias de San Lorenzo<\/a><\/span><a href=\"https:\/\/www.rosarioalerta.com.ar\/site\/archivos\/tag\/rosario\" rel=\"tag\">Rosario<\/a><\/span><a href=\"https:\/\/www.rosarioalerta.com.ar\/site\/archivos\/tag\/san-lorenzo\" rel=\"tag\">San Lorenzo<\/a><\/span><a href=\"https:\/\/www.rosarioalerta.com.ar\/site\/archivos\/tag\/santa-fe\" rel=\"tag\">Santa Fe<\/a> <\/div>","protected":false},"excerpt":{"rendered":"<p>El inmueble estaba ubicado en Bermejo al 1600 y era investigado como punto de venta y acopio de coca\u00edna El Gobierno de Santa Fe y el Ministerio P\u00fablico de la Acusaci\u00f3n (MPA) supervisaron este mi\u00e9rcoles el derribo de un b\u00fanker de drogas ubicado en Bermejo 1643, de Carcara\u00f1\u00e1. La medida se concret\u00f3 luego de una [&hellip;]<\/p>\n","protected":false},"author":2,"featured_media":35246,"comment_status":"open","ping_status":"open","sticky":false,"template":"","format":"standard","meta":{"_joinchat":[],"footnotes":""},"categories":[12,494,21,14],"tags":[299,133,95,238,55,168,65],"class_list":["post-35245","post","type-post","status-publish","format-standard","has-post-thumbnail","hentry","category-allanamientos","category-microtrafico","category-noticias","category-policiales","tag-carcarana","tag-noticias-de-carcarana","tag-noticias-de-rosario","tag-noticias-de-san-lorenzo","tag-rosario","tag-san-lorenzo","tag-santa-fe"],"_links":{"self":[{"href":"https:\/\/www.rosarioalerta.com.ar\/site\/wp-json\/wp\/v2\/posts\/35245","targetHints":{"allow":["GET"]}}],"collection":[{"href":"https:\/\/www.rosarioalerta.com.ar\/site\/wp-json\/wp\/v2\/posts"}],"about":[{"href":"https:\/\/www.rosarioalerta.com.ar\/site\/wp-json\/wp\/v2\/types\/post"}],"author":[{"embeddable":true,"href":"https:\/\/www.rosarioalerta.com.ar\/site\/wp-json\/wp\/v2\/users\/2"}],"replies":[{"embeddable":true,"href":"https:\/\/www.rosarioalerta.com.ar\/site\/wp-json\/wp\/v2\/comments?post=35245"}],"version-history":[{"count":1,"href":"https:\/\/www.rosarioalerta.com.ar\/site\/wp-json\/wp\/v2\/posts\/35245\/revisions"}],"predecessor-version":[{"id":35247,"href":"https:\/\/www.rosarioalerta.com.ar\/site\/wp-json\/wp\/v2\/posts\/35245\/revisions\/35247"}],"wp:featuredmedia":[{"embeddable":true,"href":"https:\/\/www.rosarioalerta.com.ar\/site\/wp-json\/wp\/v2\/media\/35246"}],"wp:attachment":[{"href":"https:\/\/www.rosarioalerta.com.ar\/site\/wp-json\/wp\/v2\/media?parent=35245"}],"wp:term":[{"taxonomy":"category","embeddable":true,"href":"https:\/\/www.rosarioalerta.com.ar\/site\/wp-json\/wp\/v2\/categories?post=35245"},{"taxonomy":"post_tag","embeddable":true,"href":"https:\/\/www.rosarioalerta.com.ar\/site\/wp-json\/wp\/v2\/tags?post=35245"}],"curies":[{"name":"wp","href":"https:\/\/api.w.org\/{rel}","templated":true}]}}