{"id":35240,"date":"2026-09-02T11:02:24","date_gmt":"2026-09-02T14:02:24","guid":{"rendered":"https:\/\/www.rosarioalerta.com.ar\/site\/?p=35240"},"modified":"2026-09-02T11:02:26","modified_gmt":"2026-09-02T14:02:26","slug":"detuvieron-al-ex-fiscal-mariano-rios-artacho-en-una-causa-que-investiga-a-funcionarios-publicos","status":"publish","type":"post","link":"https:\/\/www.rosarioalerta.com.ar\/site\/archivos\/35240","title":{"rendered":"Detuvieron al ex fiscal Mariano R\u00edos Artacho en una causa que investiga a funcionarios p\u00fablicos"},"content":{"rendered":"\n<p class=\"wp-block-paragraph\">El abogado fue detenido este martes durante uno de los 14 allanamientos realizados por la Polic\u00eda Federal en Rosario<\/p>\n\n\n\n<p class=\"wp-block-paragraph\">El ex fiscal del <strong>Ministerio P\u00fablico de la Acusaci\u00f3n<\/strong> (MPA) <strong>Mariano R\u00edos Artacho<\/strong> fue detenido este mi\u00e9rcoles en <strong>Rosario<\/strong>, en el marco de una investigaci\u00f3n encabezada por la <strong>Unidad Especializada en Delitos Cometidos por Funcionarios P\u00fablicos y Violencia Institucional<\/strong>, a cargo del fiscal <strong>Adri\u00e1n Spelta<\/strong>. La <strong>Polic\u00eda Federal Argentina<\/strong> llev\u00f3 adelante <strong>14 allanamientos<\/strong> relacionados con actuaciones en las que el abogado intervino cuando todav\u00eda ejerc\u00eda como fiscal de <strong>Delitos Econ\u00f3micos<\/strong>.<\/p>\n\n\n\n<p class=\"wp-block-paragraph\">El procedimiento comenz\u00f3 durante la ma\u00f1ana y forma parte de una investigaci\u00f3n que puso bajo an\u00e1lisis distintos legajos en los que tuvo intervenci\u00f3n <strong>R\u00edos Artacho<\/strong>. Adem\u00e1s de su detenci\u00f3n, se realizaron m\u00faltiples medidas en distintos puntos de Rosario.<\/p>\n\n\n\n<p class=\"wp-block-paragraph\">La investigaci\u00f3n se encuentra en manos del <strong>MPA<\/strong> y busca establecer si existieron irregularidades vinculadas con actuaciones de funcionarios p\u00fablicos.<\/p>\n\n\n\n<p class=\"wp-block-paragraph\"><strong>El antecedente que marc\u00f3 su salida del MPA<\/strong><\/p>\n\n\n\n<p class=\"wp-block-paragraph\"><strong>R\u00edos Artacho<\/strong> renunci\u00f3 al <strong>Ministerio P\u00fablico de la Acusaci\u00f3n<\/strong> en junio de 2024. La dimisi\u00f3n comenz\u00f3 a regir el 1\u00b0 de julio y el ex fiscal atribuy\u00f3 p\u00fablicamente su decisi\u00f3n a motivos personales.<\/p>\n\n\n\n<p class=\"wp-block-paragraph\">Su salida se produjo pocos d\u00edas despu\u00e9s de finalizar una suspensi\u00f3n de 60 d\u00edas dispuesta por la Legislatura santafesina. La sanci\u00f3n estuvo relacionada con una decisi\u00f3n adoptada durante una investigaci\u00f3n: la entrega de un Mercedes-Benz secuestrado al comisario <strong>\u00c1lvaro Rosales<\/strong> en car\u00e1cter de depositario judicial.<\/p>\n\n\n\n<p class=\"wp-block-paragraph\"><strong>De fiscal a imputado<\/strong><\/p>\n\n\n\n<p class=\"wp-block-paragraph\">El antecedente disciplinario no fue el \u00faltimo episodio judicial que involucr\u00f3 al ex funcionario. En febrero de 2025, ya fuera del MPA, fue imputado por abuso de autoridad, lesiones leves dolosas y amenazas, por hechos que, seg\u00fan la acusaci\u00f3n, ocurrieron cuando todav\u00eda era fiscal.<\/p>\n\n\n\n<p class=\"wp-block-paragraph\"><strong>R\u00edos Artacho<\/strong> tambi\u00e9n volvi\u00f3 a aparecer p\u00fablicamente la semana pasada, cuando asumi\u00f3 la defensa de <strong>Mart\u00edn Banchero<\/strong>, acusado por el femicidio de <strong>Carina Candelas<\/strong>.<\/p>\n\n\n\n<p class=\"wp-block-paragraph\">La detenci\u00f3n de este martes abre una nueva instancia en la trayectoria judicial del ex fiscal. La investigaci\u00f3n contin\u00faa y ser\u00e1 la Justicia la que determine el alcance de las medidas y la eventual responsabilidad penal de los involucrados<\/p>\n<div class=\"newspaper-x-tags\"><strong>TAGS: <\/strong><span><a href=\"https:\/\/www.rosarioalerta.com.ar\/site\/archivos\/tag\/adrian-spelta\" rel=\"tag\">Adri\u00e1n Spelta<\/a><\/span><a href=\"https:\/\/www.rosarioalerta.com.ar\/site\/archivos\/tag\/mariano-rios-artacho\" rel=\"tag\">Mariano R\u00edos Artacho<\/a><\/span><a href=\"https:\/\/www.rosarioalerta.com.ar\/site\/archivos\/tag\/mpa\" rel=\"tag\">MPA<\/a><\/span><a href=\"https:\/\/www.rosarioalerta.com.ar\/site\/archivos\/tag\/noticias-de-rosario\" rel=\"tag\">Noticias de Rosario<\/a><\/span><a href=\"https:\/\/www.rosarioalerta.com.ar\/site\/archivos\/tag\/rosario\" rel=\"tag\">Rosario<\/a><\/span><a href=\"https:\/\/www.rosarioalerta.com.ar\/site\/archivos\/tag\/santa-fe\" rel=\"tag\">Santa Fe<\/a> <\/div>","protected":false},"excerpt":{"rendered":"<p>El abogado fue detenido este martes durante uno de los 14 allanamientos realizados por la Polic\u00eda Federal en Rosario El ex fiscal del Ministerio P\u00fablico de la Acusaci\u00f3n (MPA) Mariano R\u00edos Artacho fue detenido este mi\u00e9rcoles en Rosario, en el marco de una investigaci\u00f3n encabezada por la Unidad Especializada en Delitos Cometidos por Funcionarios P\u00fablicos [&hellip;]<\/p>\n","protected":false},"author":2,"featured_media":35241,"comment_status":"open","ping_status":"open","sticky":false,"template":"","format":"standard","meta":{"_joinchat":[],"footnotes":""},"categories":[12,11,21,14],"tags":[2258,1309,232,95,55,65],"class_list":["post-35240","post","type-post","status-publish","format-standard","has-post-thumbnail","hentry","category-allanamientos","category-detenidos","category-noticias","category-policiales","tag-adrian-spelta","tag-mariano-rios-artacho","tag-mpa","tag-noticias-de-rosario","tag-rosario","tag-santa-fe"],"_links":{"self":[{"href":"https:\/\/www.rosarioalerta.com.ar\/site\/wp-json\/wp\/v2\/posts\/35240","targetHints":{"allow":["GET"]}}],"collection":[{"href":"https:\/\/www.rosarioalerta.com.ar\/site\/wp-json\/wp\/v2\/posts"}],"about":[{"href":"https:\/\/www.rosarioalerta.com.ar\/site\/wp-json\/wp\/v2\/types\/post"}],"author":[{"embeddable":true,"href":"https:\/\/www.rosarioalerta.com.ar\/site\/wp-json\/wp\/v2\/users\/2"}],"replies":[{"embeddable":true,"href":"https:\/\/www.rosarioalerta.com.ar\/site\/wp-json\/wp\/v2\/comments?post=35240"}],"version-history":[{"count":1,"href":"https:\/\/www.rosarioalerta.com.ar\/site\/wp-json\/wp\/v2\/posts\/35240\/revisions"}],"predecessor-version":[{"id":35242,"href":"https:\/\/www.rosarioalerta.com.ar\/site\/wp-json\/wp\/v2\/posts\/35240\/revisions\/35242"}],"wp:featuredmedia":[{"embeddable":true,"href":"https:\/\/www.rosarioalerta.com.ar\/site\/wp-json\/wp\/v2\/media\/35241"}],"wp:attachment":[{"href":"https:\/\/www.rosarioalerta.com.ar\/site\/wp-json\/wp\/v2\/media?parent=35240"}],"wp:term":[{"taxonomy":"category","embeddable":true,"href":"https:\/\/www.rosarioalerta.com.ar\/site\/wp-json\/wp\/v2\/categories?post=35240"},{"taxonomy":"post_tag","embeddable":true,"href":"https:\/\/www.rosarioalerta.com.ar\/site\/wp-json\/wp\/v2\/tags?post=35240"}],"curies":[{"name":"wp","href":"https:\/\/api.w.org\/{rel}","templated":true}]}}