{"id":35232,"date":"2026-09-02T07:06:38","date_gmt":"2026-09-02T10:06:38","guid":{"rendered":"https:\/\/www.rosarioalerta.com.ar\/site\/?p=35232"},"modified":"2026-09-02T07:06:45","modified_gmt":"2026-09-02T10:06:45","slug":"asesinaron-a-un-joven-de-34-anos-de-una-punalada-en-el-pecho-en-barrio-olimpico","status":"publish","type":"post","link":"https:\/\/www.rosarioalerta.com.ar\/site\/archivos\/35232","title":{"rendered":"Asesinaron a un joven de 34 a\u00f1os de una pu\u00f1alada en el pecho en barrio Ol\u00edmpico"},"content":{"rendered":"\n<p class=\"wp-block-paragraph\">El crimen ocurri\u00f3 en <strong>Colastin\u00e9 y Av del Deporte<\/strong>, en la zona norte de Rosario<\/p>\n\n\n\n<p class=\"wp-block-paragraph\">La v\u00edctima fue identificada como; <strong>Jonatan Mart\u00edn Gonz\u00e1lez 34 a\u00f1os<\/strong>, muri\u00f3 en la v\u00eda p\u00fablica y se convirti\u00f3 en el <strong>primer homicidio de septiembre<\/strong> en el departamento <strong>Rosario<\/strong>. <strong>Gonz\u00e1lez<\/strong> fue asesinado de al menos una pu\u00f1alada en el pecho pasadas las 22 de este martes en <strong>barrio Ol\u00edmpico<\/strong>, en la zona norte de <strong>Rosario<\/strong>. El ataque ocurri\u00f3 en <strong>Colastin\u00e9 y Av del Deporte<\/strong>, (<strong>ex calle 1379)<\/strong>. La v\u00edctima muri\u00f3 en el lugar y no lleg\u00f3 a ser trasladada a un hospital.<\/p>\n\n\n\n<p class=\"wp-block-paragraph\">De las primeras informaciones se desprende que el origen del conflicto habr\u00eda sido una pelea entre familiares. Hasta el momento no hay detenidos, ni personas identificadas directamente en el hecho<\/p>\n\n\n\n<p class=\"wp-block-paragraph\">El caso es investigado por la <strong>Fiscal Navone<\/strong>, quien comision\u00f3 al <strong>Gabinete Criminal\u00edstico de la PDI<\/strong> para el relevamiento de la escena. Tambi\u00e9n trabajan para determinar la mec\u00e1nica de la agresi\u00f3n y localizar al o los responsables<\/p>\n\n\n\n<p class=\"wp-block-paragraph\">En paralelo, otro joven, de 23 a\u00f1os, fue herido en el brazo izquierdo en inmediaciones de <strong>Noccetto al 1000<\/strong>, en barrio <strong>Los Gr\u00e1ficos<\/strong>, en el oeste rosarino. Para una atenci\u00f3n de urgencia primaria, fue trasladado al <strong>Policl\u00ednico San Mart\u00edn<\/strong> y luego derivado al <strong>Hospital de Emergencias Clemente \u00c1lvarez<\/strong> (HECA), donde permanece internado en observaci\u00f3n, debido a la gravedad de la lesi\u00f3n<\/p>\n\n\n\n<p class=\"wp-block-paragraph\">El homicidio de <strong>barrio Ol\u00edmpico<\/strong> es el <strong>primero registrado en septiembre en el departamento Rosario<\/strong> y eleva a <strong>59 el acumulado de casos desde comienzos de a\u00f1o.<\/strong><\/p>\n<div class=\"newspaper-x-tags\"><strong>TAGS: <\/strong><span><a href=\"https:\/\/www.rosarioalerta.com.ar\/site\/archivos\/tag\/noticias-de-rosario\" rel=\"tag\">Noticias de Rosario<\/a><\/span><a href=\"https:\/\/www.rosarioalerta.com.ar\/site\/archivos\/tag\/rosario\" rel=\"tag\">Rosario<\/a><\/span><a href=\"https:\/\/www.rosarioalerta.com.ar\/site\/archivos\/tag\/santa-fe\" rel=\"tag\">Santa Fe<\/a> <\/div>","protected":false},"excerpt":{"rendered":"<p>El crimen ocurri\u00f3 en Colastin\u00e9 y Av del Deporte, en la zona norte de Rosario La v\u00edctima fue identificada como; Jonatan Mart\u00edn Gonz\u00e1lez 34 a\u00f1os, muri\u00f3 en la v\u00eda p\u00fablica y se convirti\u00f3 en el primer homicidio de septiembre en el departamento Rosario. Gonz\u00e1lez fue asesinado de al menos una pu\u00f1alada en el pecho pasadas [&hellip;]<\/p>\n","protected":false},"author":2,"featured_media":35233,"comment_status":"open","ping_status":"open","sticky":false,"template":"","format":"standard","meta":{"_joinchat":[],"footnotes":""},"categories":[17,6,21,14],"tags":[95,55,65],"class_list":["post-35232","post","type-post","status-publish","format-standard","has-post-thumbnail","hentry","category-heridos","category-homicidios","category-noticias","category-policiales","tag-noticias-de-rosario","tag-rosario","tag-santa-fe"],"_links":{"self":[{"href":"https:\/\/www.rosarioalerta.com.ar\/site\/wp-json\/wp\/v2\/posts\/35232","targetHints":{"allow":["GET"]}}],"collection":[{"href":"https:\/\/www.rosarioalerta.com.ar\/site\/wp-json\/wp\/v2\/posts"}],"about":[{"href":"https:\/\/www.rosarioalerta.com.ar\/site\/wp-json\/wp\/v2\/types\/post"}],"author":[{"embeddable":true,"href":"https:\/\/www.rosarioalerta.com.ar\/site\/wp-json\/wp\/v2\/users\/2"}],"replies":[{"embeddable":true,"href":"https:\/\/www.rosarioalerta.com.ar\/site\/wp-json\/wp\/v2\/comments?post=35232"}],"version-history":[{"count":1,"href":"https:\/\/www.rosarioalerta.com.ar\/site\/wp-json\/wp\/v2\/posts\/35232\/revisions"}],"predecessor-version":[{"id":35234,"href":"https:\/\/www.rosarioalerta.com.ar\/site\/wp-json\/wp\/v2\/posts\/35232\/revisions\/35234"}],"wp:featuredmedia":[{"embeddable":true,"href":"https:\/\/www.rosarioalerta.com.ar\/site\/wp-json\/wp\/v2\/media\/35233"}],"wp:attachment":[{"href":"https:\/\/www.rosarioalerta.com.ar\/site\/wp-json\/wp\/v2\/media?parent=35232"}],"wp:term":[{"taxonomy":"category","embeddable":true,"href":"https:\/\/www.rosarioalerta.com.ar\/site\/wp-json\/wp\/v2\/categories?post=35232"},{"taxonomy":"post_tag","embeddable":true,"href":"https:\/\/www.rosarioalerta.com.ar\/site\/wp-json\/wp\/v2\/tags?post=35232"}],"curies":[{"name":"wp","href":"https:\/\/api.w.org\/{rel}","templated":true}]}}