{"id":35227,"date":"2026-09-01T18:56:08","date_gmt":"2026-09-01T21:56:08","guid":{"rendered":"https:\/\/www.rosarioalerta.com.ar\/site\/?p=35227"},"modified":"2026-09-01T18:56:13","modified_gmt":"2026-09-01T21:56:13","slug":"allanaron-dos-casas-en-empalme-graneros-encontraron-armas-y-objetos-con-simbologia-nazi","status":"publish","type":"post","link":"https:\/\/www.rosarioalerta.com.ar\/site\/archivos\/35227","title":{"rendered":"Allanaron dos casas en Empalme Graneros encontraron armas y objetos con simbolog\u00eda nazi"},"content":{"rendered":"\n<p class=\"wp-block-paragraph\">Los procedimientos se realizaron en G\u00e9nova al 2300 y Juan B. Justo al 2300<\/p>\n\n\n\n<p class=\"wp-block-paragraph\">La <strong>Polic\u00eda de Investigaciones<\/strong> (PDI), junto con grupos t\u00e1cticos de la Polic\u00eda de Santa Fe, realiz\u00f3 dos allanamientos en barrio <strong>Empalme Graneros,<\/strong> de <strong>Rosario<\/strong>, en una causa por tenencia de armas. Durante los procedimientos encontraron cinco carabinas, siete armas cortas, tres pistolones y una importante cantidad de municiones.<\/p>\n\n\n\n<p class=\"wp-block-paragraph\">Tambi\u00e9n fueron incautados una picana, un recipiente con p\u00f3lvora y un detonador para explosivos de fabricaci\u00f3n estadounidense. Todo el material qued\u00f3 sujeto a las pericias correspondientes.<\/p>\n\n\n\n<p class=\"wp-block-paragraph\">Los operativos estuvieron a cargo de la <strong>Unidad de Violencia Altamente Lesiva<\/strong> (Uval) de la <strong>PDI<\/strong>. En los domicilios de G<strong>\u00e9nova al 2300 y Juan B. Justo al 2300,<\/strong> los investigadores secuestraron adem\u00e1s tres celulares, un sable, un periscopio y elementos pertenecientes a las <strong>Fuerzas Armadas Argentinas.<\/strong><\/p>\n\n\n\n<p class=\"wp-block-paragraph\">Entre las municiones halladas hab\u00eda cartuchos calibre 22, 380, 11.25, 24 y 7.62, adem\u00e1s de cartuchos de fogueo y otros proyectiles de grueso calibre.<\/p>\n\n\n\n<p class=\"wp-block-paragraph\">Durante las medidas tambi\u00e9n <strong>encontraron gorras, cascos met\u00e1licos, bayonetas, insignias, distintivos y una caja con simbolog\u00eda nazi<\/strong>.<\/p>\n\n\n\n<p class=\"wp-block-paragraph\">Tres personas fueron trasladadas para su correcta identificaci\u00f3n: <strong>Sandra Valeria L de 47 a\u00f1os, Jos\u00e9 Nahuel N de 20 y Hern\u00e1n Ezequiel L de 18<\/strong>.<\/p>\n\n\n\n<p class=\"wp-block-paragraph\">Las actuaciones pasaron posteriormente al fuero federal<\/p>\n<div class=\"newspaper-x-tags\"><strong>TAGS: <\/strong><span><a href=\"https:\/\/www.rosarioalerta.com.ar\/site\/archivos\/tag\/noticias-de-rosario\" rel=\"tag\">Noticias de Rosario<\/a><\/span><a href=\"https:\/\/www.rosarioalerta.com.ar\/site\/archivos\/tag\/rosario\" rel=\"tag\">Rosario<\/a><\/span><a href=\"https:\/\/www.rosarioalerta.com.ar\/site\/archivos\/tag\/santa-fe\" rel=\"tag\">Santa Fe<\/a> <\/div>","protected":false},"excerpt":{"rendered":"<p>Los procedimientos se realizaron en G\u00e9nova al 2300 y Juan B. Justo al 2300 La Polic\u00eda de Investigaciones (PDI), junto con grupos t\u00e1cticos de la Polic\u00eda de Santa Fe, realiz\u00f3 dos allanamientos en barrio Empalme Graneros, de Rosario, en una causa por tenencia de armas. Durante los procedimientos encontraron cinco carabinas, siete armas cortas, tres [&hellip;]<\/p>\n","protected":false},"author":2,"featured_media":35228,"comment_status":"open","ping_status":"open","sticky":false,"template":"","format":"standard","meta":{"_joinchat":[],"footnotes":""},"categories":[12,11,21,14],"tags":[95,55,65],"class_list":["post-35227","post","type-post","status-publish","format-standard","has-post-thumbnail","hentry","category-allanamientos","category-detenidos","category-noticias","category-policiales","tag-noticias-de-rosario","tag-rosario","tag-santa-fe"],"_links":{"self":[{"href":"https:\/\/www.rosarioalerta.com.ar\/site\/wp-json\/wp\/v2\/posts\/35227","targetHints":{"allow":["GET"]}}],"collection":[{"href":"https:\/\/www.rosarioalerta.com.ar\/site\/wp-json\/wp\/v2\/posts"}],"about":[{"href":"https:\/\/www.rosarioalerta.com.ar\/site\/wp-json\/wp\/v2\/types\/post"}],"author":[{"embeddable":true,"href":"https:\/\/www.rosarioalerta.com.ar\/site\/wp-json\/wp\/v2\/users\/2"}],"replies":[{"embeddable":true,"href":"https:\/\/www.rosarioalerta.com.ar\/site\/wp-json\/wp\/v2\/comments?post=35227"}],"version-history":[{"count":1,"href":"https:\/\/www.rosarioalerta.com.ar\/site\/wp-json\/wp\/v2\/posts\/35227\/revisions"}],"predecessor-version":[{"id":35229,"href":"https:\/\/www.rosarioalerta.com.ar\/site\/wp-json\/wp\/v2\/posts\/35227\/revisions\/35229"}],"wp:featuredmedia":[{"embeddable":true,"href":"https:\/\/www.rosarioalerta.com.ar\/site\/wp-json\/wp\/v2\/media\/35228"}],"wp:attachment":[{"href":"https:\/\/www.rosarioalerta.com.ar\/site\/wp-json\/wp\/v2\/media?parent=35227"}],"wp:term":[{"taxonomy":"category","embeddable":true,"href":"https:\/\/www.rosarioalerta.com.ar\/site\/wp-json\/wp\/v2\/categories?post=35227"},{"taxonomy":"post_tag","embeddable":true,"href":"https:\/\/www.rosarioalerta.com.ar\/site\/wp-json\/wp\/v2\/tags?post=35227"}],"curies":[{"name":"wp","href":"https:\/\/api.w.org\/{rel}","templated":true}]}}