{"id":35216,"date":"2026-09-01T10:35:13","date_gmt":"2026-09-01T13:35:13","guid":{"rendered":"https:\/\/www.rosarioalerta.com.ar\/site\/?p=35216"},"modified":"2026-09-01T10:35:20","modified_gmt":"2026-09-01T13:35:20","slug":"prendieron-fuego-un-colchon-y-no-hubo-heridos","status":"publish","type":"post","link":"https:\/\/www.rosarioalerta.com.ar\/site\/archivos\/35216","title":{"rendered":"Prendieron fuego un colch\u00f3n y no hubo heridos"},"content":{"rendered":"\n<p class=\"wp-block-paragraph\">En horas de la madrugada comenz\u00f3 un intento de mot\u00edn en la Comisar\u00eda 5\u00ba<\/p>\n\n\n\n<p class=\"wp-block-paragraph\">Un grupo de mujeres alojadas en la <strong>Comisar\u00eda 5\u00ba<\/strong> de <strong>Rosario<\/strong>, ubicada en <strong>Italia al 2100<\/strong>, protagoniz\u00f3 un intento de mot\u00edn durante una protesta interna. Como medida de reclamo, prendieron fuego uno o varios colchones dentro de la dependencia.<\/p>\n\n\n\n<p class=\"wp-block-paragraph\">Seg\u00fan explic\u00f3 el jefe de la Unidad Regional II, <strong>Danilo Vill\u00e1n<\/strong>, el episodio se produjo en un contexto de malestar por la prohibici\u00f3n de visitas que rige actualmente en el lugar y por reclamos que ya hab\u00edan sido comunicados a la Fiscal\u00eda.<\/p>\n\n\n\n<p class=\"wp-block-paragraph\">La situaci\u00f3n fue controlada por el personal policial y no se registraron personas heridas. <strong><em>\u201cGracias a Dios, ni las detenidas ni el personal policial est\u00e1n lesionados\u201d<\/em><\/strong>, se\u00f1al\u00f3 <strong>Vill\u00e1n<\/strong>.<\/p>\n\n\n\n<p class=\"wp-block-paragraph\">El jefe policial aclar\u00f3 que no hubo un intento de fuga y que el episodio estuvo relacionado exclusivamente con la protesta. La dependencia qued\u00f3 bajo control del personal, mientras se realizan las actuaciones correspondientes. <strong>Vill\u00e1n<\/strong> indic\u00f3 que la <strong>Comisar\u00eda 5\u00ba<\/strong> tiene capacidad para unas <strong>18 personas<\/strong>, pero actualmente aloja a <strong>43 mujeres<\/strong>, m\u00e1s del doble de su capacidad.<\/p>\n\n\n\n<p class=\"wp-block-paragraph\">Adem\u00e1s, anticip\u00f3 que podr\u00edan producirse traslados durante la pr\u00f3xima semana hacia unidades dependientes del <strong>Servicio Penitenciario<\/strong>, en el marco de una reorganizaci\u00f3n de los alojamientos<\/p>\n<div class=\"newspaper-x-tags\"><strong>TAGS: <\/strong><span><a href=\"https:\/\/www.rosarioalerta.com.ar\/site\/archivos\/tag\/noticias-de-rosario\" rel=\"tag\">Noticias de Rosario<\/a><\/span><a href=\"https:\/\/www.rosarioalerta.com.ar\/site\/archivos\/tag\/rosario\" rel=\"tag\">Rosario<\/a><\/span><a href=\"https:\/\/www.rosarioalerta.com.ar\/site\/archivos\/tag\/santa-fe\" rel=\"tag\">Santa Fe<\/a> <\/div>","protected":false},"excerpt":{"rendered":"<p>En horas de la madrugada comenz\u00f3 un intento de mot\u00edn en la Comisar\u00eda 5\u00ba Un grupo de mujeres alojadas en la Comisar\u00eda 5\u00ba de Rosario, ubicada en Italia al 2100, protagoniz\u00f3 un intento de mot\u00edn durante una protesta interna. Como medida de reclamo, prendieron fuego uno o varios colchones dentro de la dependencia. Seg\u00fan explic\u00f3 [&hellip;]<\/p>\n","protected":false},"author":2,"featured_media":35217,"comment_status":"open","ping_status":"open","sticky":false,"template":"","format":"standard","meta":{"_joinchat":[],"footnotes":""},"categories":[21,14],"tags":[95,55,65],"class_list":["post-35216","post","type-post","status-publish","format-standard","has-post-thumbnail","hentry","category-noticias","category-policiales","tag-noticias-de-rosario","tag-rosario","tag-santa-fe"],"_links":{"self":[{"href":"https:\/\/www.rosarioalerta.com.ar\/site\/wp-json\/wp\/v2\/posts\/35216","targetHints":{"allow":["GET"]}}],"collection":[{"href":"https:\/\/www.rosarioalerta.com.ar\/site\/wp-json\/wp\/v2\/posts"}],"about":[{"href":"https:\/\/www.rosarioalerta.com.ar\/site\/wp-json\/wp\/v2\/types\/post"}],"author":[{"embeddable":true,"href":"https:\/\/www.rosarioalerta.com.ar\/site\/wp-json\/wp\/v2\/users\/2"}],"replies":[{"embeddable":true,"href":"https:\/\/www.rosarioalerta.com.ar\/site\/wp-json\/wp\/v2\/comments?post=35216"}],"version-history":[{"count":1,"href":"https:\/\/www.rosarioalerta.com.ar\/site\/wp-json\/wp\/v2\/posts\/35216\/revisions"}],"predecessor-version":[{"id":35218,"href":"https:\/\/www.rosarioalerta.com.ar\/site\/wp-json\/wp\/v2\/posts\/35216\/revisions\/35218"}],"wp:featuredmedia":[{"embeddable":true,"href":"https:\/\/www.rosarioalerta.com.ar\/site\/wp-json\/wp\/v2\/media\/35217"}],"wp:attachment":[{"href":"https:\/\/www.rosarioalerta.com.ar\/site\/wp-json\/wp\/v2\/media?parent=35216"}],"wp:term":[{"taxonomy":"category","embeddable":true,"href":"https:\/\/www.rosarioalerta.com.ar\/site\/wp-json\/wp\/v2\/categories?post=35216"},{"taxonomy":"post_tag","embeddable":true,"href":"https:\/\/www.rosarioalerta.com.ar\/site\/wp-json\/wp\/v2\/tags?post=35216"}],"curies":[{"name":"wp","href":"https:\/\/api.w.org\/{rel}","templated":true}]}}