{"id":35201,"date":"2026-09-01T07:04:00","date_gmt":"2026-09-01T10:04:00","guid":{"rendered":"https:\/\/www.rosarioalerta.com.ar\/site\/?p=35201"},"modified":"2026-09-01T07:04:05","modified_gmt":"2026-09-01T10:04:05","slug":"rosario-avanza-con-multas-para-vehiculos-con-patentes-ocultas-o-adulteradas","status":"publish","type":"post","link":"https:\/\/www.rosarioalerta.com.ar\/site\/archivos\/35201","title":{"rendered":"Rosario avanza con multas para veh\u00edculos con patentes ocultas o adulteradas"},"content":{"rendered":"\n<p class=\"wp-block-paragraph\">Eval\u00faan un proyecto que modifica el C\u00f3digo de Tr\u00e1nsito y sanciona distintas maniobras que dificulten identificar las chapas patentes<\/p>\n\n\n\n<p class=\"wp-block-paragraph\">La iniciativa, impulsada por la concejala <strong>Carolina Labayru<\/strong>, propone aplicar multas en <strong>Rosario<\/strong> a automotores y motoveh\u00edculos cuyas patentes est\u00e9n adulteradas, ocultas, colocadas de manera irregular o sean ilegibles. El proyecto podr\u00eda ser tratado este jueves en sesi\u00f3n.<\/p>\n\n\n\n<p class=\"wp-block-paragraph\">La modificaci\u00f3n contempla distintos casos. Entre ellos, chapas alteradas o adulteradas, ocultas total o parcialmente, cubiertas con elementos ajenos a su dise\u00f1o o instaladas de forma antirreglamentaria.<\/p>\n\n\n\n<p class=\"wp-block-paragraph\">Tambi\u00e9n incluye aquellas que no puedan leerse por suciedad, deterioro u otras causas. Adem\u00e1s, alcanza a veh\u00edculos que incorporen dispositivos o mecanismos destinados a impedir o dificultar su correcta identificaci\u00f3n.<\/p>\n\n\n\n<p class=\"wp-block-paragraph\">El objetivo es reforzar los controles sobre la identificaci\u00f3n de automotores y motocicletas que circulan por la ciudad.<\/p>\n\n\n\n<p class=\"wp-block-paragraph\">El proyecto obtuvo despacho favorable en la comisi\u00f3n de Control y fue derivado a la comisi\u00f3n de Obras P\u00fablicas. De avanzar all\u00ed, quedar\u00e1 en condiciones de ser considerado por el cuerpo legislativo.<\/p>\n\n\n\n<p class=\"wp-block-paragraph\">Durante la reuni\u00f3n tambi\u00e9n se aprob\u00f3 una declaraci\u00f3n de benepl\u00e1cito por los resultados atribuidos a la continuidad del Plan Bandera en Rosario y el \u00e1rea metropolitana.<\/p>\n\n\n\n<p class=\"wp-block-paragraph\">Adem\u00e1s, los ediles resolvieron responder al vecino <strong>Osiris Navarro<\/strong>, quien hab\u00eda presentado una propuesta relacionada con una aplicaci\u00f3n para controlar el trabajo de los cuidacoches.<\/p>\n\n\n\n<p class=\"wp-block-paragraph\">La comisi\u00f3n fue presidida por <strong>Federico Lifschitz<\/strong> y cont\u00f3 con la participaci\u00f3n de <strong>Pablo Gavira, Samanta Arias, Juan Pedro Aleart y Dami\u00e1n Pullaro<\/strong><\/p>\n<div class=\"newspaper-x-tags\"><strong>TAGS: <\/strong><span><a href=\"https:\/\/www.rosarioalerta.com.ar\/site\/archivos\/tag\/noticias-de-rosario\" rel=\"tag\">Noticias de Rosario<\/a><\/span><a href=\"https:\/\/www.rosarioalerta.com.ar\/site\/archivos\/tag\/rosario\" rel=\"tag\">Rosario<\/a><\/span><a href=\"https:\/\/www.rosarioalerta.com.ar\/site\/archivos\/tag\/santa-fe\" rel=\"tag\">Santa Fe<\/a> <\/div>","protected":false},"excerpt":{"rendered":"<p>Eval\u00faan un proyecto que modifica el C\u00f3digo de Tr\u00e1nsito y sanciona distintas maniobras que dificulten identificar las chapas patentes La iniciativa, impulsada por la concejala Carolina Labayru, propone aplicar multas en Rosario a automotores y motoveh\u00edculos cuyas patentes est\u00e9n adulteradas, ocultas, colocadas de manera irregular o sean ilegibles. El proyecto podr\u00eda ser tratado este jueves [&hellip;]<\/p>\n","protected":false},"author":2,"featured_media":35202,"comment_status":"open","ping_status":"open","sticky":false,"template":"","format":"standard","meta":{"_joinchat":[],"footnotes":""},"categories":[18,21,19],"tags":[95,55,65],"class_list":["post-35201","post","type-post","status-publish","format-standard","has-post-thumbnail","hentry","category-institucional","category-noticias","category-seguridad-vial","tag-noticias-de-rosario","tag-rosario","tag-santa-fe"],"_links":{"self":[{"href":"https:\/\/www.rosarioalerta.com.ar\/site\/wp-json\/wp\/v2\/posts\/35201","targetHints":{"allow":["GET"]}}],"collection":[{"href":"https:\/\/www.rosarioalerta.com.ar\/site\/wp-json\/wp\/v2\/posts"}],"about":[{"href":"https:\/\/www.rosarioalerta.com.ar\/site\/wp-json\/wp\/v2\/types\/post"}],"author":[{"embeddable":true,"href":"https:\/\/www.rosarioalerta.com.ar\/site\/wp-json\/wp\/v2\/users\/2"}],"replies":[{"embeddable":true,"href":"https:\/\/www.rosarioalerta.com.ar\/site\/wp-json\/wp\/v2\/comments?post=35201"}],"version-history":[{"count":1,"href":"https:\/\/www.rosarioalerta.com.ar\/site\/wp-json\/wp\/v2\/posts\/35201\/revisions"}],"predecessor-version":[{"id":35203,"href":"https:\/\/www.rosarioalerta.com.ar\/site\/wp-json\/wp\/v2\/posts\/35201\/revisions\/35203"}],"wp:featuredmedia":[{"embeddable":true,"href":"https:\/\/www.rosarioalerta.com.ar\/site\/wp-json\/wp\/v2\/media\/35202"}],"wp:attachment":[{"href":"https:\/\/www.rosarioalerta.com.ar\/site\/wp-json\/wp\/v2\/media?parent=35201"}],"wp:term":[{"taxonomy":"category","embeddable":true,"href":"https:\/\/www.rosarioalerta.com.ar\/site\/wp-json\/wp\/v2\/categories?post=35201"},{"taxonomy":"post_tag","embeddable":true,"href":"https:\/\/www.rosarioalerta.com.ar\/site\/wp-json\/wp\/v2\/tags?post=35201"}],"curies":[{"name":"wp","href":"https:\/\/api.w.org\/{rel}","templated":true}]}}