{"id":35190,"date":"2026-08-31T16:46:46","date_gmt":"2026-08-31T19:46:46","guid":{"rendered":"https:\/\/www.rosarioalerta.com.ar\/site\/?p=35190"},"modified":"2026-08-31T16:46:55","modified_gmt":"2026-08-31T19:46:55","slug":"santa-fe-paso-de-ser-la-provincia-mas-violenta-a-transformarse-en-la-mas-segura","status":"publish","type":"post","link":"https:\/\/www.rosarioalerta.com.ar\/site\/archivos\/35190","title":{"rendered":"\u201cSanta Fe pas\u00f3 de ser la provincia m\u00e1s violenta a transformarse en la m\u00e1s segura\u201d"},"content":{"rendered":"\n<p class=\"wp-block-paragraph\">El gobernador lo afirm\u00f3 en <strong>Venado Tuerto<\/strong> durante el acto por el 162\u00b0 aniversario de la Polic\u00eda de Santa Fe<\/p>\n\n\n\n<p class=\"wp-block-paragraph\">El gobernador <strong>Maximiliano Pullaro<\/strong>, junto al ministro de Justicia y Seguridad, <strong>Pablo Cococcioni<\/strong>, encabez\u00f3 este lunes en la <strong>Plaza San Mart\u00edn de Venado Tuerto<\/strong> el acto central por el 162\u00b0 aniversario de la creaci\u00f3n de la Polic\u00eda de Santa Fe<\/p>\n\n\n\n<p class=\"wp-block-paragraph\">Durante su discurso, <strong>Pullaro<\/strong> sostuvo que la provincia atraves\u00f3 una fuerte transformaci\u00f3n en materia de seguridad. Asegur\u00f3 que <strong>Rosario<\/strong> fue el principal ejemplo, con una reducci\u00f3n superior al 75% de los homicidios, seg\u00fan los datos citados durante el acto<\/p>\n\n\n\n<p class=\"wp-block-paragraph\">El mandatario record\u00f3 adem\u00e1s el escenario que encontr\u00f3 al asumir y se\u00f1al\u00f3 que el Gobierno decidi\u00f3 enfrentar al narcotr\u00e1fico y al crimen organizado mediante un trabajo coordinado entre los distintos poderes del Estado.<\/p>\n\n\n\n<p class=\"wp-block-paragraph\"><strong>Cococcioni<\/strong> destac\u00f3 el reequipamiento de la fuerza, que incluy\u00f3 patrulleros, camionetas, motos, un helic\u00f3ptero, chalecos, uniformes, armamento y municiones. Tambi\u00e9n remarc\u00f3 la construcci\u00f3n de nuevas plazas penitenciarias para reducir las tareas de custodia de presos que realizan los polic\u00edas.<\/p>\n\n\n\n<p class=\"wp-block-paragraph\">El ministro asegur\u00f3 que la disminuci\u00f3n de homicidios y balaceras extorsivas permiti\u00f3 recuperar confianza social y mejorar las condiciones para atraer inversiones, turismo y empleo.<\/p>\n\n\n\n<p class=\"wp-block-paragraph\">El jefe de Polic\u00eda, <strong>Luis Maldonado<\/strong>, destac\u00f3 la necesidad de una instituci\u00f3n profesional, capacitada y respetuosa de las garant\u00edas constitucionales. Tambi\u00e9n plante\u00f3 la importancia de modernizar la fuerza y responder con rapidez ante las demandas de la ciudadan\u00eda.<\/p>\n\n\n\n<p class=\"wp-block-paragraph\"><strong>Pullaro<\/strong>, por su parte, insisti\u00f3 en que el respaldo a los agentes debe ir acompa\u00f1ado de disciplina. \u201cSe proteger\u00e1 a quienes act\u00faen correctamente, pero se separar\u00e1 y sancionar\u00e1 a quienes manchen el uniforme\u201d, afirm\u00f3 <strong>Cococcioni<\/strong>. El acto reuni\u00f3 adem\u00e1s a autoridades provinciales y municipales, legisladores y representantes de la Polic\u00eda santafesina<\/p>\n<div class=\"newspaper-x-tags\"><strong>TAGS: <\/strong><span><a href=\"https:\/\/www.rosarioalerta.com.ar\/site\/archivos\/tag\/noticias-de-rosario\" rel=\"tag\">Noticias de Rosario<\/a><\/span><a href=\"https:\/\/www.rosarioalerta.com.ar\/site\/archivos\/tag\/rosario\" rel=\"tag\">Rosario<\/a><\/span><a href=\"https:\/\/www.rosarioalerta.com.ar\/site\/archivos\/tag\/santa-fe\" rel=\"tag\">Santa Fe<\/a> <\/div>","protected":false},"excerpt":{"rendered":"<p>El gobernador lo afirm\u00f3 en Venado Tuerto durante el acto por el 162\u00b0 aniversario de la Polic\u00eda de Santa Fe El gobernador Maximiliano Pullaro, junto al ministro de Justicia y Seguridad, Pablo Cococcioni, encabez\u00f3 este lunes en la Plaza San Mart\u00edn de Venado Tuerto el acto central por el 162\u00b0 aniversario de la creaci\u00f3n de [&hellip;]<\/p>\n","protected":false},"author":2,"featured_media":35191,"comment_status":"open","ping_status":"open","sticky":false,"template":"","format":"standard","meta":{"_joinchat":[],"footnotes":""},"categories":[18,21,14],"tags":[95,55,65],"class_list":["post-35190","post","type-post","status-publish","format-standard","has-post-thumbnail","hentry","category-institucional","category-noticias","category-policiales","tag-noticias-de-rosario","tag-rosario","tag-santa-fe"],"_links":{"self":[{"href":"https:\/\/www.rosarioalerta.com.ar\/site\/wp-json\/wp\/v2\/posts\/35190","targetHints":{"allow":["GET"]}}],"collection":[{"href":"https:\/\/www.rosarioalerta.com.ar\/site\/wp-json\/wp\/v2\/posts"}],"about":[{"href":"https:\/\/www.rosarioalerta.com.ar\/site\/wp-json\/wp\/v2\/types\/post"}],"author":[{"embeddable":true,"href":"https:\/\/www.rosarioalerta.com.ar\/site\/wp-json\/wp\/v2\/users\/2"}],"replies":[{"embeddable":true,"href":"https:\/\/www.rosarioalerta.com.ar\/site\/wp-json\/wp\/v2\/comments?post=35190"}],"version-history":[{"count":1,"href":"https:\/\/www.rosarioalerta.com.ar\/site\/wp-json\/wp\/v2\/posts\/35190\/revisions"}],"predecessor-version":[{"id":35192,"href":"https:\/\/www.rosarioalerta.com.ar\/site\/wp-json\/wp\/v2\/posts\/35190\/revisions\/35192"}],"wp:featuredmedia":[{"embeddable":true,"href":"https:\/\/www.rosarioalerta.com.ar\/site\/wp-json\/wp\/v2\/media\/35191"}],"wp:attachment":[{"href":"https:\/\/www.rosarioalerta.com.ar\/site\/wp-json\/wp\/v2\/media?parent=35190"}],"wp:term":[{"taxonomy":"category","embeddable":true,"href":"https:\/\/www.rosarioalerta.com.ar\/site\/wp-json\/wp\/v2\/categories?post=35190"},{"taxonomy":"post_tag","embeddable":true,"href":"https:\/\/www.rosarioalerta.com.ar\/site\/wp-json\/wp\/v2\/tags?post=35190"}],"curies":[{"name":"wp","href":"https:\/\/api.w.org\/{rel}","templated":true}]}}