{"id":35181,"date":"2026-08-31T11:49:32","date_gmt":"2026-08-31T14:49:32","guid":{"rendered":"https:\/\/www.rosarioalerta.com.ar\/site\/?p=35181"},"modified":"2026-08-31T11:49:50","modified_gmt":"2026-08-31T14:49:50","slug":"detuvieron-en-buenos-aires-a-un-abogado-investigado-por-integrar-la-asociacion-ilicita-de-la-banda-de-fran-riquelme","status":"publish","type":"post","link":"https:\/\/www.rosarioalerta.com.ar\/site\/archivos\/35181","title":{"rendered":"Detuvieron en Buenos Aires a un abogado investigado por integrar la asociaci\u00f3n il\u00edcita de la banda de Fran Riquelme"},"content":{"rendered":"\n<p class=\"wp-block-paragraph\">El procedimiento se realiz\u00f3 durante la madrugada de este lunes en la Ciudad de Buenos Aires, luego de tres d\u00edas de tareas de inteligencia y seguimiento<\/p>\n\n\n\n<p class=\"wp-block-paragraph\">La detenci\u00f3n fue concretada por la <strong>Central de Inteligencia y Operaciones Especiales<\/strong> (Ciope), dependiente del <strong>Ministerio de Justicia y Seguridad de Santa Fe,<\/strong> tras un operativo desarrollado durante varios d\u00edas en distintos puntos de la <strong>Ciudad de Buenos Aires<\/strong>.<\/p>\n\n\n\n<p class=\"wp-block-paragraph\">Los investigadores buscaban localizar a <strong>Mart\u00edn C<\/strong> un abogado se\u00f1alado en la causa por su presunta participaci\u00f3n en una asociaci\u00f3n il\u00edcita vinculada a la banda de <strong>Fran Riquelme<\/strong>.<\/p>\n\n\n\n<p class=\"wp-block-paragraph\">Durante las tareas de campo, los agentes identificaron un domicilio laboral sobre calle <strong>Tucum\u00e1n<\/strong> y otro residencial en <strong>Uriarte<\/strong>. Cerca de la medianoche del domingo, observaron al investigado salir de este \u00faltimo lugar y subir a un autom\u00f3vil.<\/p>\n\n\n\n<p class=\"wp-block-paragraph\">El seguimiento continu\u00f3 hasta <strong>Scalabrini Ortiz al 2400<\/strong>, donde finalmente se concret\u00f3 la detenci\u00f3n.<\/p>\n\n\n\n<p class=\"wp-block-paragraph\">Seg\u00fan la hip\u00f3tesis de los investigadores, el abogado habr\u00eda intervenido en las comunicaciones entre integrantes de la organizaci\u00f3n, mediante la triangulaci\u00f3n de llamadas y el traslado de mensajes entre <strong>Fran Riquelme<\/strong>, <strong>Jonatan Riquelme, Ezequiel Riquelme<\/strong> y otras personas investigadas.<\/p>\n\n\n\n<p class=\"wp-block-paragraph\">Durante el operativo se secuestraron dos celulares que utilizaba el sospechoso. Los dispositivos ser\u00e1n analizados para profundizar la pesquisa sobre las comunicaciones.<\/p>\n\n\n\n<p class=\"wp-block-paragraph\">El procedimiento cont\u00f3 con la colaboraci\u00f3n de personal de la <strong>SIDE<\/strong> y de la <strong>DICCO<\/strong> de la <strong>Polic\u00eda Federal Argentina<\/strong>.<\/p>\n\n\n\n<p class=\"wp-block-paragraph\">La investigaci\u00f3n est\u00e1 a cargo de las fiscales <strong>Marina Vigo<\/strong>, de la Unidad de Violencias Altamente Lesivas de la Fiscal\u00eda Regional Rosario, y <strong>Mercedes Banchio,<\/strong> de la Unidad de Microtr\u00e1fico de la Fiscal\u00eda General.<\/p>\n\n\n\n<p class=\"wp-block-paragraph\">El detenido ser\u00e1 llevado a audiencia imputativa y qued\u00f3 a disposici\u00f3n de la Justicia, mientras contin\u00faan las medidas para determinar su grado de participaci\u00f3n en la organizaci\u00f3n investigada.<\/p>\n<div class=\"newspaper-x-tags\"><strong>TAGS: <\/strong><span><a href=\"https:\/\/www.rosarioalerta.com.ar\/site\/archivos\/tag\/noticias-de-rosario\" rel=\"tag\">Noticias de Rosario<\/a><\/span><a href=\"https:\/\/www.rosarioalerta.com.ar\/site\/archivos\/tag\/rosario\" rel=\"tag\">Rosario<\/a><\/span><a href=\"https:\/\/www.rosarioalerta.com.ar\/site\/archivos\/tag\/santa-fe\" rel=\"tag\">Santa Fe<\/a> <\/div>","protected":false},"excerpt":{"rendered":"<p>El procedimiento se realiz\u00f3 durante la madrugada de este lunes en la Ciudad de Buenos Aires, luego de tres d\u00edas de tareas de inteligencia y seguimiento La detenci\u00f3n fue concretada por la Central de Inteligencia y Operaciones Especiales (Ciope), dependiente del Ministerio de Justicia y Seguridad de Santa Fe, tras un operativo desarrollado durante varios [&hellip;]<\/p>\n","protected":false},"author":2,"featured_media":35182,"comment_status":"open","ping_status":"open","sticky":false,"template":"","format":"standard","meta":{"_joinchat":[],"footnotes":""},"categories":[12,11,21,14],"tags":[95,55,65],"class_list":["post-35181","post","type-post","status-publish","format-standard","has-post-thumbnail","hentry","category-allanamientos","category-detenidos","category-noticias","category-policiales","tag-noticias-de-rosario","tag-rosario","tag-santa-fe"],"_links":{"self":[{"href":"https:\/\/www.rosarioalerta.com.ar\/site\/wp-json\/wp\/v2\/posts\/35181","targetHints":{"allow":["GET"]}}],"collection":[{"href":"https:\/\/www.rosarioalerta.com.ar\/site\/wp-json\/wp\/v2\/posts"}],"about":[{"href":"https:\/\/www.rosarioalerta.com.ar\/site\/wp-json\/wp\/v2\/types\/post"}],"author":[{"embeddable":true,"href":"https:\/\/www.rosarioalerta.com.ar\/site\/wp-json\/wp\/v2\/users\/2"}],"replies":[{"embeddable":true,"href":"https:\/\/www.rosarioalerta.com.ar\/site\/wp-json\/wp\/v2\/comments?post=35181"}],"version-history":[{"count":1,"href":"https:\/\/www.rosarioalerta.com.ar\/site\/wp-json\/wp\/v2\/posts\/35181\/revisions"}],"predecessor-version":[{"id":35183,"href":"https:\/\/www.rosarioalerta.com.ar\/site\/wp-json\/wp\/v2\/posts\/35181\/revisions\/35183"}],"wp:featuredmedia":[{"embeddable":true,"href":"https:\/\/www.rosarioalerta.com.ar\/site\/wp-json\/wp\/v2\/media\/35182"}],"wp:attachment":[{"href":"https:\/\/www.rosarioalerta.com.ar\/site\/wp-json\/wp\/v2\/media?parent=35181"}],"wp:term":[{"taxonomy":"category","embeddable":true,"href":"https:\/\/www.rosarioalerta.com.ar\/site\/wp-json\/wp\/v2\/categories?post=35181"},{"taxonomy":"post_tag","embeddable":true,"href":"https:\/\/www.rosarioalerta.com.ar\/site\/wp-json\/wp\/v2\/tags?post=35181"}],"curies":[{"name":"wp","href":"https:\/\/api.w.org\/{rel}","templated":true}]}}