{"id":35175,"date":"2026-08-31T07:08:26","date_gmt":"2026-08-31T10:08:26","guid":{"rendered":"https:\/\/www.rosarioalerta.com.ar\/site\/?p=35175"},"modified":"2026-08-31T07:08:52","modified_gmt":"2026-08-31T10:08:52","slug":"dos-detenidos-tras-una-amenaza-y-un-ataque-a-tiros","status":"publish","type":"post","link":"https:\/\/www.rosarioalerta.com.ar\/site\/archivos\/35175","title":{"rendered":"Dos detenidos tras una amenaza y un ataque a tiros"},"content":{"rendered":"\n<p class=\"wp-block-paragraph\">En uno de los casos secuestraron municiones y un chaleco bal\u00edstico; en el otro, detuvieron a un joven se\u00f1alado por un ataque contra veh\u00edculos<\/p>\n\n\n\n<p class=\"wp-block-paragraph\">El primero de los hechos ocurri\u00f3 cerca de la medianoche en inmediaciones de <strong>Guerrico al 3600<\/strong>, cuando efectivos del <strong>Comando Radioel\u00e9ctrico<\/strong> escucharon varias detonaciones mientras se dirig\u00edan a otra intervenci\u00f3n. Al recorrer la zona, vecinos les informaron que hab\u00edan efectuado disparos contra autom\u00f3viles y aportaron una filmaci\u00f3n<\/p>\n\n\n\n<p class=\"wp-block-paragraph\">En las im\u00e1genes se observaban dos hombres armados. Con esos datos, los polic\u00edas localizaron y detuvieron a <strong>Franco Nicol\u00e1s S de 20 a\u00f1os<\/strong>, cuyas caracter\u00edsticas coincid\u00edan con las aportadas. Durante la requisa no encontraron elementos peligrosos. No hubo personas heridas.<\/p>\n\n\n\n<figure class=\"wp-block-image size-large\"><img loading=\"lazy\" decoding=\"async\" width=\"1024\" height=\"576\" src=\"https:\/\/www.rosarioalerta.com.ar\/site\/wp-content\/uploads\/2026\/08\/Detenidos-2-7-1024x576.jpg\" alt=\"\" class=\"wp-image-35177\" srcset=\"https:\/\/www.rosarioalerta.com.ar\/site\/wp-content\/uploads\/2026\/08\/Detenidos-2-7-1024x576.jpg 1024w, https:\/\/www.rosarioalerta.com.ar\/site\/wp-content\/uploads\/2026\/08\/Detenidos-2-7-300x169.jpg 300w, https:\/\/www.rosarioalerta.com.ar\/site\/wp-content\/uploads\/2026\/08\/Detenidos-2-7-768x432.jpg 768w, https:\/\/www.rosarioalerta.com.ar\/site\/wp-content\/uploads\/2026\/08\/Detenidos-2-7-1536x864.jpg 1536w, https:\/\/www.rosarioalerta.com.ar\/site\/wp-content\/uploads\/2026\/08\/Detenidos-2-7.jpg 1920w\" sizes=\"auto, (max-width: 1024px) 100vw, 1024px\" \/><\/figure>\n\n\n\n<p class=\"wp-block-paragraph\">Horas antes, en <strong>Pacheco al 500<\/strong>, otro procedimiento termin\u00f3 con dos hombres detenidos luego de una pelea y amenazas. Seg\u00fan la informaci\u00f3n policial, uno habr\u00eda amenazado con un arma blanca y el otro con efectuar disparos.<\/p>\n\n\n\n<p class=\"wp-block-paragraph\">En el lugar secuestraron el arma blanca y, en presencia de testigos, 18 cartuchos calibre 32, tres de 9 mm, dos de 7,62 y un chaleco bal\u00edstico.<\/p>\n\n\n\n<p class=\"wp-block-paragraph\">Ambos procedimientos quedaron a disposici\u00f3n de las autoridades judiciales correspondientes y las actuaciones fueron trasladadas a la <strong>Comisar\u00eda 10\u00ba<\/strong><\/p>\n<div class=\"newspaper-x-tags\"><strong>TAGS: <\/strong><span><a href=\"https:\/\/www.rosarioalerta.com.ar\/site\/archivos\/tag\/noticias-de-rosario\" rel=\"tag\">Noticias de Rosario<\/a><\/span><a href=\"https:\/\/www.rosarioalerta.com.ar\/site\/archivos\/tag\/rosario\" rel=\"tag\">Rosario<\/a><\/span><a href=\"https:\/\/www.rosarioalerta.com.ar\/site\/archivos\/tag\/santa-fe\" rel=\"tag\">Santa Fe<\/a> <\/div>","protected":false},"excerpt":{"rendered":"<p>En uno de los casos secuestraron municiones y un chaleco bal\u00edstico; en el otro, detuvieron a un joven se\u00f1alado por un ataque contra veh\u00edculos El primero de los hechos ocurri\u00f3 cerca de la medianoche en inmediaciones de Guerrico al 3600, cuando efectivos del Comando Radioel\u00e9ctrico escucharon varias detonaciones mientras se dirig\u00edan a otra intervenci\u00f3n. Al [&hellip;]<\/p>\n","protected":false},"author":2,"featured_media":35176,"comment_status":"open","ping_status":"open","sticky":false,"template":"","format":"standard","meta":{"_joinchat":[],"footnotes":""},"categories":[11,21,14],"tags":[95,55,65],"class_list":["post-35175","post","type-post","status-publish","format-standard","has-post-thumbnail","hentry","category-detenidos","category-noticias","category-policiales","tag-noticias-de-rosario","tag-rosario","tag-santa-fe"],"_links":{"self":[{"href":"https:\/\/www.rosarioalerta.com.ar\/site\/wp-json\/wp\/v2\/posts\/35175","targetHints":{"allow":["GET"]}}],"collection":[{"href":"https:\/\/www.rosarioalerta.com.ar\/site\/wp-json\/wp\/v2\/posts"}],"about":[{"href":"https:\/\/www.rosarioalerta.com.ar\/site\/wp-json\/wp\/v2\/types\/post"}],"author":[{"embeddable":true,"href":"https:\/\/www.rosarioalerta.com.ar\/site\/wp-json\/wp\/v2\/users\/2"}],"replies":[{"embeddable":true,"href":"https:\/\/www.rosarioalerta.com.ar\/site\/wp-json\/wp\/v2\/comments?post=35175"}],"version-history":[{"count":1,"href":"https:\/\/www.rosarioalerta.com.ar\/site\/wp-json\/wp\/v2\/posts\/35175\/revisions"}],"predecessor-version":[{"id":35178,"href":"https:\/\/www.rosarioalerta.com.ar\/site\/wp-json\/wp\/v2\/posts\/35175\/revisions\/35178"}],"wp:featuredmedia":[{"embeddable":true,"href":"https:\/\/www.rosarioalerta.com.ar\/site\/wp-json\/wp\/v2\/media\/35176"}],"wp:attachment":[{"href":"https:\/\/www.rosarioalerta.com.ar\/site\/wp-json\/wp\/v2\/media?parent=35175"}],"wp:term":[{"taxonomy":"category","embeddable":true,"href":"https:\/\/www.rosarioalerta.com.ar\/site\/wp-json\/wp\/v2\/categories?post=35175"},{"taxonomy":"post_tag","embeddable":true,"href":"https:\/\/www.rosarioalerta.com.ar\/site\/wp-json\/wp\/v2\/tags?post=35175"}],"curies":[{"name":"wp","href":"https:\/\/api.w.org\/{rel}","templated":true}]}}