{"id":35167,"date":"2026-08-30T19:28:24","date_gmt":"2026-08-30T22:28:24","guid":{"rendered":"https:\/\/www.rosarioalerta.com.ar\/site\/?p=35167"},"modified":"2026-08-30T19:29:19","modified_gmt":"2026-08-30T22:29:19","slug":"tres-detenidos-tras-una-discusion-y-disparos-al-aire","status":"publish","type":"post","link":"https:\/\/www.rosarioalerta.com.ar\/site\/archivos\/35167","title":{"rendered":"Tres detenidos tras una discusi\u00f3n y disparos al aire"},"content":{"rendered":"\n<p class=\"wp-block-paragraph\">El episodio ocurri\u00f3 este domingo al mediod\u00eda, luego de una disputa entre vecinos<\/p>\n\n\n\n<p class=\"wp-block-paragraph\">Personal del <strong>Comando Radioel\u00e9ctrico<\/strong> fue comisionado este domingo, alrededor de las 13.30, por un episodio de disturbios en la v\u00eda p\u00fablica en la zona de <strong>Cullen y Ugarte y H\u00e9ctor Palacio<\/strong>. Al llegar, una mujer relat\u00f3 que momentos antes su sobrino hab\u00eda mantenido una discusi\u00f3n con vecinos del barrio. Seg\u00fan su declaraci\u00f3n, despu\u00e9s de la disputa se habr\u00edan escuchado varias detonaciones de arma de fuego efectuadas hacia el aire.<\/p>\n\n\n\n<p class=\"wp-block-paragraph\">Con los datos aportados, los efectivos identificaron a una mujer de 22 a\u00f1os se\u00f1alada como una de las posibles involucradas en el episodio. Adem\u00e1s, otras dos personas fueron detenidas por entorpecer el procedimiento policial.<\/p>\n\n\n\n<p class=\"wp-block-paragraph\">Durante la intervenci\u00f3n encontraron <strong>dos vainas servidas<\/strong>, que fueron secuestradas para las actuaciones correspondientes.<\/p>\n\n\n\n<p class=\"wp-block-paragraph\">Los detenidos fueron identificados como; <strong>Ar\u00f3n N de 20 a\u00f1os, Kiara Mar\u00eda Luc\u00eda S de 21 y Karen Aylen A de 22.<\/strong><\/p>\n\n\n\n<p class=\"wp-block-paragraph\">No hubo secuestro de un arma de fuego ni se sabe qui\u00e9n habr\u00eda efectuado las detonaciones. Las actuaciones quedaron a disposici\u00f3n de la autoridad judicial correspondiente<\/p>\n<div class=\"newspaper-x-tags\"><strong>TAGS: <\/strong><span><a href=\"https:\/\/www.rosarioalerta.com.ar\/site\/archivos\/tag\/noticias-de-rosario\" rel=\"tag\">Noticias de Rosario<\/a><\/span><a href=\"https:\/\/www.rosarioalerta.com.ar\/site\/archivos\/tag\/rosario\" rel=\"tag\">Rosario<\/a><\/span><a href=\"https:\/\/www.rosarioalerta.com.ar\/site\/archivos\/tag\/santa-fe\" rel=\"tag\">Santa Fe<\/a> <\/div>","protected":false},"excerpt":{"rendered":"<p>El episodio ocurri\u00f3 este domingo al mediod\u00eda, luego de una disputa entre vecinos Personal del Comando Radioel\u00e9ctrico fue comisionado este domingo, alrededor de las 13.30, por un episodio de disturbios en la v\u00eda p\u00fablica en la zona de Cullen y Ugarte y H\u00e9ctor Palacio. Al llegar, una mujer relat\u00f3 que momentos antes su sobrino hab\u00eda [&hellip;]<\/p>\n","protected":false},"author":2,"featured_media":35168,"comment_status":"open","ping_status":"open","sticky":false,"template":"","format":"standard","meta":{"_joinchat":[],"footnotes":""},"categories":[15,11,21,14],"tags":[95,55,65],"class_list":["post-35167","post","type-post","status-publish","format-standard","has-post-thumbnail","hentry","category-balaceras","category-detenidos","category-noticias","category-policiales","tag-noticias-de-rosario","tag-rosario","tag-santa-fe"],"_links":{"self":[{"href":"https:\/\/www.rosarioalerta.com.ar\/site\/wp-json\/wp\/v2\/posts\/35167","targetHints":{"allow":["GET"]}}],"collection":[{"href":"https:\/\/www.rosarioalerta.com.ar\/site\/wp-json\/wp\/v2\/posts"}],"about":[{"href":"https:\/\/www.rosarioalerta.com.ar\/site\/wp-json\/wp\/v2\/types\/post"}],"author":[{"embeddable":true,"href":"https:\/\/www.rosarioalerta.com.ar\/site\/wp-json\/wp\/v2\/users\/2"}],"replies":[{"embeddable":true,"href":"https:\/\/www.rosarioalerta.com.ar\/site\/wp-json\/wp\/v2\/comments?post=35167"}],"version-history":[{"count":1,"href":"https:\/\/www.rosarioalerta.com.ar\/site\/wp-json\/wp\/v2\/posts\/35167\/revisions"}],"predecessor-version":[{"id":35169,"href":"https:\/\/www.rosarioalerta.com.ar\/site\/wp-json\/wp\/v2\/posts\/35167\/revisions\/35169"}],"wp:featuredmedia":[{"embeddable":true,"href":"https:\/\/www.rosarioalerta.com.ar\/site\/wp-json\/wp\/v2\/media\/35168"}],"wp:attachment":[{"href":"https:\/\/www.rosarioalerta.com.ar\/site\/wp-json\/wp\/v2\/media?parent=35167"}],"wp:term":[{"taxonomy":"category","embeddable":true,"href":"https:\/\/www.rosarioalerta.com.ar\/site\/wp-json\/wp\/v2\/categories?post=35167"},{"taxonomy":"post_tag","embeddable":true,"href":"https:\/\/www.rosarioalerta.com.ar\/site\/wp-json\/wp\/v2\/tags?post=35167"}],"curies":[{"name":"wp","href":"https:\/\/api.w.org\/{rel}","templated":true}]}}