{"id":32532,"date":"2026-05-03T10:07:01","date_gmt":"2026-05-03T13:07:01","guid":{"rendered":"https:\/\/www.rosarioalerta.com.ar\/site\/?p=32532"},"modified":"2026-05-03T10:07:03","modified_gmt":"2026-05-03T13:07:03","slug":"cuatro-detenidos-por-droga-en-rosario","status":"publish","type":"post","link":"https:\/\/www.rosarioalerta.com.ar\/site\/archivos\/32532","title":{"rendered":"Cuatro detenidos por droga en Rosario"},"content":{"rendered":"\n<p>Secuestraron cannabis en un control vehicular, en la zona sur<\/p>\n\n\n\n<p>Cuatro hombres fueron detenidos en la intersecci\u00f3n <strong>de Entre R\u00edos y Garibaldi,<\/strong> luego de que personal de la <strong>Polic\u00eda Motorizada<\/strong> encontrara cannabis en el interior del veh\u00edculo en el que circulaban. El operativo se activ\u00f3 durante una identificaci\u00f3n de rutina y deriv\u00f3 en el secuestro de estupefacientes. Interviene la Justicia por infracci\u00f3n a la Ley 23.737.<\/p>\n\n\n\n<p>Los agentes detuvieron la marcha de un Volkswagen Fox negro con cuatro ocupantes. Durante la requisa, observaron un morral que conten\u00eda dos frascos de vidrio con envoltorios de nylon con sustancia vegetal, compatible con cannabis sativa.<\/p>\n\n\n\n<p>En el mismo procedimiento tambi\u00e9n incautaron cigarrillos armados y un total de 15 envoltorios. Los ocupantes fueron trasladados a la <strong>Comisar\u00eda 15\u00ba<\/strong> por razones de jurisdicci\u00f3n.<\/p>\n\n\n\n<p>Los aprehendidos fueron identificados como <strong>Ayrton Jes\u00fas T de 21 a\u00f1os; Lautaro Agust\u00edn P de 22; Lautaro Joel R de 21 y Mateo B de 21<\/strong>. Todos quedaron a disposici\u00f3n de la Justicia mientras se realizan las pericias sobre la sustancia secuestrada.<\/p>\n\n\n\n<p>Un d\u00eda antes, por la ma\u00f1ana, otro hecho requiri\u00f3 intervenci\u00f3n policial en <strong>Oro\u00f1o y Dante Alighieri<\/strong>. All\u00ed, una conductora fue aprehendida tras protagonizar un accidente con un ciclista y darse a la fuga.<\/p>\n\n\n\n<figure class=\"wp-block-image size-large\"><img loading=\"lazy\" decoding=\"async\" width=\"1024\" height=\"576\" src=\"https:\/\/www.rosarioalerta.com.ar\/site\/wp-content\/uploads\/2026\/05\/Policiales-2-1024x576.jpg\" alt=\"\" class=\"wp-image-32534\" srcset=\"https:\/\/www.rosarioalerta.com.ar\/site\/wp-content\/uploads\/2026\/05\/Policiales-2-1024x576.jpg 1024w, https:\/\/www.rosarioalerta.com.ar\/site\/wp-content\/uploads\/2026\/05\/Policiales-2-300x169.jpg 300w, https:\/\/www.rosarioalerta.com.ar\/site\/wp-content\/uploads\/2026\/05\/Policiales-2-768x432.jpg 768w, https:\/\/www.rosarioalerta.com.ar\/site\/wp-content\/uploads\/2026\/05\/Policiales-2-1536x864.jpg 1536w, https:\/\/www.rosarioalerta.com.ar\/site\/wp-content\/uploads\/2026\/05\/Policiales-2.jpg 1920w\" sizes=\"auto, (max-width: 1024px) 100vw, 1024px\" \/><\/figure>\n\n\n\n<p>La mujer, <strong>Mar\u00eda Catalina P de 22 a\u00f1os<\/strong>, fue interceptada en <strong>Pueyrred\u00f3n al 2800.<\/strong> Un control de tr\u00e1nsito confirm\u00f3 que <strong>presentaba alcohol en sangre<\/strong>. La v\u00edctima, <strong>Miguel \u00c1ngel D. V de 38 a\u00f1os<\/strong>, sufri\u00f3 lesiones leves y fue trasladada al <strong>Hospital Carrasco<\/strong>.<\/p>\n\n\n\n<p>La Fiscal\u00eda dispuso la formaci\u00f3n de causa contra la conductora por lesiones culposas agravadas. En el caso del operativo por droga, los cuatro j\u00f3venes contin\u00faan a disposici\u00f3n judicial mientras avanza la investigaci\u00f3n.<\/p>\n<div class=\"newspaper-x-tags\"><strong>TAGS: <\/strong><span><a href=\"https:\/\/www.rosarioalerta.com.ar\/site\/archivos\/tag\/noticias-de-rosario\" rel=\"tag\">Noticias de Rosario<\/a><\/span><a href=\"https:\/\/www.rosarioalerta.com.ar\/site\/archivos\/tag\/rosario\" rel=\"tag\">Rosario<\/a><\/span><a href=\"https:\/\/www.rosarioalerta.com.ar\/site\/archivos\/tag\/santa-fe\" rel=\"tag\">Santa Fe<\/a> <\/div>","protected":false},"excerpt":{"rendered":"<p>Secuestraron cannabis en un control vehicular, en la zona sur Cuatro hombres fueron detenidos en la intersecci\u00f3n de Entre R\u00edos y Garibaldi, luego de que personal de la Polic\u00eda Motorizada encontrara cannabis en el interior del veh\u00edculo en el que circulaban. El operativo se activ\u00f3 durante una identificaci\u00f3n de rutina y deriv\u00f3 en el secuestro [&hellip;]<\/p>\n","protected":false},"author":2,"featured_media":32533,"comment_status":"open","ping_status":"open","sticky":false,"template":"","format":"standard","meta":{"_joinchat":[],"footnotes":""},"categories":[11,494,21,14,10],"tags":[95,55,65],"class_list":["post-32532","post","type-post","status-publish","format-standard","has-post-thumbnail","hentry","category-detenidos","category-microtrafico","category-noticias","category-policiales","category-siniestros-viales","tag-noticias-de-rosario","tag-rosario","tag-santa-fe"],"_links":{"self":[{"href":"https:\/\/www.rosarioalerta.com.ar\/site\/wp-json\/wp\/v2\/posts\/32532","targetHints":{"allow":["GET"]}}],"collection":[{"href":"https:\/\/www.rosarioalerta.com.ar\/site\/wp-json\/wp\/v2\/posts"}],"about":[{"href":"https:\/\/www.rosarioalerta.com.ar\/site\/wp-json\/wp\/v2\/types\/post"}],"author":[{"embeddable":true,"href":"https:\/\/www.rosarioalerta.com.ar\/site\/wp-json\/wp\/v2\/users\/2"}],"replies":[{"embeddable":true,"href":"https:\/\/www.rosarioalerta.com.ar\/site\/wp-json\/wp\/v2\/comments?post=32532"}],"version-history":[{"count":1,"href":"https:\/\/www.rosarioalerta.com.ar\/site\/wp-json\/wp\/v2\/posts\/32532\/revisions"}],"predecessor-version":[{"id":32535,"href":"https:\/\/www.rosarioalerta.com.ar\/site\/wp-json\/wp\/v2\/posts\/32532\/revisions\/32535"}],"wp:featuredmedia":[{"embeddable":true,"href":"https:\/\/www.rosarioalerta.com.ar\/site\/wp-json\/wp\/v2\/media\/32533"}],"wp:attachment":[{"href":"https:\/\/www.rosarioalerta.com.ar\/site\/wp-json\/wp\/v2\/media?parent=32532"}],"wp:term":[{"taxonomy":"category","embeddable":true,"href":"https:\/\/www.rosarioalerta.com.ar\/site\/wp-json\/wp\/v2\/categories?post=32532"},{"taxonomy":"post_tag","embeddable":true,"href":"https:\/\/www.rosarioalerta.com.ar\/site\/wp-json\/wp\/v2\/tags?post=32532"}],"curies":[{"name":"wp","href":"https:\/\/api.w.org\/{rel}","templated":true}]}}