{"id":32516,"date":"2026-05-01T22:27:25","date_gmt":"2026-05-02T01:27:25","guid":{"rendered":"https:\/\/www.rosarioalerta.com.ar\/site\/?p=32516"},"modified":"2026-05-01T22:27:26","modified_gmt":"2026-05-02T01:27:26","slug":"ocho-detenidos-y-droga-incautada-en-la-carinosa","status":"publish","type":"post","link":"https:\/\/www.rosarioalerta.com.ar\/site\/archivos\/32516","title":{"rendered":"Ocho detenidos y droga incautada en La Cari\u00f1osa"},"content":{"rendered":"\n<p>Fueron operativos simult\u00e1neos en la zona sur de la ciudad y dejaron secuestro de coca\u00edna, marihuana, armas y un veh\u00edculo con pedido de captura<\/p>\n\n\n\n<p>Ocho personas fueron detenidas este viernes en <strong>Rosario<\/strong>, durante tres allanamientos realizados en <strong>barrio La Cari\u00f1osa<\/strong> por una causa de microtr\u00e1fico. El operativo se llev\u00f3 a cabo en domicilios de calle <strong>Vicente Medina al 4800 y 4900<\/strong> y <strong>en la intersecci\u00f3n con Lamadrid<\/strong>. La investigaci\u00f3n, impulsada por denuncias al 911, deriv\u00f3 en el secuestro de droga, armas y otros elementos vinculados a la venta minorista de estupefacientes.<\/p>\n\n\n\n<p>Los procedimientos fueron ejecutados por personal de la <strong>Polic\u00eda de Investigaciones<\/strong> (PDI) junto a grupos t\u00e1cticos de la <strong>Polic\u00eda de Santa Fe<\/strong>. Las \u00f3rdenes judiciales fueron firmadas por la <strong>fiscal Alejandra Raigal<\/strong>, de la <strong>Unidad de Microtr\u00e1fico del Ministerio P\u00fablico de la Acusaci\u00f3n<\/strong>.<\/p>\n\n\n\n<figure class=\"wp-block-embed is-type-video is-provider-youtube wp-block-embed-youtube wp-embed-aspect-16-9 wp-has-aspect-ratio\"><div class=\"wp-block-embed__wrapper\">\n<div class=\"newspaper-x-video-container\"><iframe loading=\"lazy\" title=\"Siniestro vial, muerte por electrocuci\u00f3n y un detenido armado\" width=\"750\" height=\"422\" src=\"https:\/\/www.youtube.com\/embed\/T3KmecRuZ9M?feature=oembed\" frameborder=\"0\" allow=\"accelerometer; autoplay; clipboard-write; encrypted-media; gyroscope; picture-in-picture; web-share\" referrerpolicy=\"strict-origin-when-cross-origin\" allowfullscreen><\/iframe><\/div>\n<\/div><\/figure>\n\n\n\n<p>En los domicilios allanados, los agentes detuvieron a seis adultos: <strong>Rodolfo Valent\u00edn G. (30), Cristian Omar V. (33), Sergio V. (45), Claudio Ernesto C. (41), Mar\u00eda Soledad M. (32) y Alexis V. (32). <\/strong>Tambi\u00e9n fueron demorados <strong>dos menores de 14 y 15 a\u00f1os.<\/strong><\/p>\n\n\n\n<p>Durante los operativos, secuestraron 138 envoltorios de coca\u00edna (49,9 gramos), un trozo compacto de 59 gramos y 1,4 kilos de marihuana en distintas presentaciones. Adem\u00e1s, incautaron dos rev\u00f3lveres calibre 38, municiones, ocho celulares, una balanza de precisi\u00f3n y dinero en efectivo.<\/p>\n\n\n\n<p>Entre los elementos hallados tambi\u00e9n figura un Volkswagen Bora con pedido de secuestro activo y una Keller 150 cc.<\/p>\n\n\n\n<p>Fuentes del Ministerio de Justicia y Seguridad indicaron que <strong><em>\u201clos procedimientos son resultado de tareas investigativas sostenidas en el tiempo, a partir de denuncias an\u00f3nimas que alertaban sobre movimientos compatibles con narcomenudeo\u201d.<\/em><\/strong><\/p>\n\n\n\n<p>Los menores fueron trasladados a la <strong>Comisar\u00eda 16\u00ba<\/strong> y quedaron a disposici\u00f3n de la Justicia juvenil.<\/p>\n\n\n\n<p>La causa contin\u00faa bajo la \u00f3rbita de la Unidad Fiscal Especializada en Microtr\u00e1fico y la Fiscal\u00eda Penal Juvenil. Los investigadores no descartan nuevas medidas en la zona, se\u00f1alada por vecinos como punto de venta de droga.<\/p>\n<div class=\"newspaper-x-tags\"><strong>TAGS: <\/strong><span><a href=\"https:\/\/www.rosarioalerta.com.ar\/site\/archivos\/tag\/la-carinosa\" rel=\"tag\">La Cari\u00f1osa<\/a><\/span><a href=\"https:\/\/www.rosarioalerta.com.ar\/site\/archivos\/tag\/noticias-de-rosario\" rel=\"tag\">Noticias de Rosario<\/a><\/span><a href=\"https:\/\/www.rosarioalerta.com.ar\/site\/archivos\/tag\/rosario\" rel=\"tag\">Rosario<\/a><\/span><a href=\"https:\/\/www.rosarioalerta.com.ar\/site\/archivos\/tag\/santa-fe\" rel=\"tag\">Santa Fe<\/a> <\/div>","protected":false},"excerpt":{"rendered":"<p>Fueron operativos simult\u00e1neos en la zona sur de la ciudad y dejaron secuestro de coca\u00edna, marihuana, armas y un veh\u00edculo con pedido de captura Ocho personas fueron detenidas este viernes en Rosario, durante tres allanamientos realizados en barrio La Cari\u00f1osa por una causa de microtr\u00e1fico. El operativo se llev\u00f3 a cabo en domicilios de calle [&hellip;]<\/p>\n","protected":false},"author":2,"featured_media":32517,"comment_status":"open","ping_status":"open","sticky":false,"template":"","format":"standard","meta":{"_joinchat":[],"footnotes":""},"categories":[12,11,494,21,14],"tags":[2084,95,55,65],"class_list":["post-32516","post","type-post","status-publish","format-standard","has-post-thumbnail","hentry","category-allanamientos","category-detenidos","category-microtrafico","category-noticias","category-policiales","tag-la-carinosa","tag-noticias-de-rosario","tag-rosario","tag-santa-fe"],"_links":{"self":[{"href":"https:\/\/www.rosarioalerta.com.ar\/site\/wp-json\/wp\/v2\/posts\/32516","targetHints":{"allow":["GET"]}}],"collection":[{"href":"https:\/\/www.rosarioalerta.com.ar\/site\/wp-json\/wp\/v2\/posts"}],"about":[{"href":"https:\/\/www.rosarioalerta.com.ar\/site\/wp-json\/wp\/v2\/types\/post"}],"author":[{"embeddable":true,"href":"https:\/\/www.rosarioalerta.com.ar\/site\/wp-json\/wp\/v2\/users\/2"}],"replies":[{"embeddable":true,"href":"https:\/\/www.rosarioalerta.com.ar\/site\/wp-json\/wp\/v2\/comments?post=32516"}],"version-history":[{"count":1,"href":"https:\/\/www.rosarioalerta.com.ar\/site\/wp-json\/wp\/v2\/posts\/32516\/revisions"}],"predecessor-version":[{"id":32518,"href":"https:\/\/www.rosarioalerta.com.ar\/site\/wp-json\/wp\/v2\/posts\/32516\/revisions\/32518"}],"wp:featuredmedia":[{"embeddable":true,"href":"https:\/\/www.rosarioalerta.com.ar\/site\/wp-json\/wp\/v2\/media\/32517"}],"wp:attachment":[{"href":"https:\/\/www.rosarioalerta.com.ar\/site\/wp-json\/wp\/v2\/media?parent=32516"}],"wp:term":[{"taxonomy":"category","embeddable":true,"href":"https:\/\/www.rosarioalerta.com.ar\/site\/wp-json\/wp\/v2\/categories?post=32516"},{"taxonomy":"post_tag","embeddable":true,"href":"https:\/\/www.rosarioalerta.com.ar\/site\/wp-json\/wp\/v2\/tags?post=32516"}],"curies":[{"name":"wp","href":"https:\/\/api.w.org\/{rel}","templated":true}]}}