{"id":32494,"date":"2026-04-30T18:20:23","date_gmt":"2026-04-30T21:20:23","guid":{"rendered":"https:\/\/www.rosarioalerta.com.ar\/site\/?p=32494"},"modified":"2026-04-30T18:20:30","modified_gmt":"2026-04-30T21:20:30","slug":"condenan-a-lider-narco-por-transportar-cocaina-en-camiones-hacia-buenos-aires","status":"publish","type":"post","link":"https:\/\/www.rosarioalerta.com.ar\/site\/archivos\/32494","title":{"rendered":"Condenan a l\u00edder narco por transportar coca\u00edna en camiones hacia Buenos Aires"},"content":{"rendered":"\n<p>El tribunal federal lo responsabiliz\u00f3 por coordinar env\u00edos desde el norte del pa\u00eds. La pena total se fij\u00f3 en 15 a\u00f1os tras unificar condenas previas<\/p>\n\n\n\n<p>En <strong>Rosario<\/strong>, este jueves, el <strong>Tribunal Oral en lo Criminal Federal N\u00b03<\/strong> conden\u00f3 a <strong>Ren\u00e9 \u201cManudo\u201d Guzm\u00e1n<\/strong> a 10 a\u00f1os de prisi\u00f3n por liderar una organizaci\u00f3n que traficaba coca\u00edna oculta en camiones. Los hechos ocurrieron durante 2023, con cargamentos provenientes de <strong>Salta y Santiago del Estero <\/strong>hacia <strong>Buenos Aires<\/strong>. La investigaci\u00f3n determin\u00f3 que el acusado coordinaba la log\u00edstica incluso desde prisi\u00f3n, mediante una red estructurada.<\/p>\n\n\n\n<p>La causa se inici\u00f3 tras dos procedimientos clave en <strong>marzo y diciembre<\/strong> de 2023. En controles de <strong>Gendarmer\u00eda<\/strong> en el <strong>peaje de General Lagos<\/strong>, sobre la autopista <strong>Rosario-Buenos Aires<\/strong>, se detectaron cargamentos ocultos entre mercader\u00eda legal.<\/p>\n\n\n\n<p>En el primer caso, se secuestraron m\u00e1s de 427 kilos de coca\u00edna escondidos entre bolsas de porotos. En el segundo, otros 56 kilos fueron hallados entre cajas de bananas. En total, los operativos permitieron incautar cerca de 500 kilos de droga.<\/p>\n\n\n\n<p>La pesquisa fue impulsada por la <strong>PROCUNAR NEA<\/strong> y cont\u00f3 con apoyo de <strong>Gendarmer\u00eda Nacional<\/strong>. A partir de escuchas, peritajes telef\u00f3nicos y seguimientos, se reconstruy\u00f3 el funcionamiento de la red.<\/p>\n\n\n\n<p>Los investigadores detectaron un esquema con roles definidos: recepci\u00f3n de droga en el norte, traslado en camiones, \u201cpunteros\u201d para control de rutas y contactos en destino. <strong>Guzm\u00e1n<\/strong> captaba choferes y coordinaba los env\u00edos, incluso desde su lugar de detenci\u00f3n.<\/p>\n\n\n\n<p>Durante el juicio, los jueces se\u00f1alaron la <strong><em>\u201ccomplejidad y sofisticaci\u00f3n\u201d<\/em><\/strong> de la organizaci\u00f3n. Destacaron el uso de recursos como veh\u00edculos, armas y tel\u00e9fonos satelitales.<\/p>\n\n\n\n<p><strong><em>\u201cEl reparto de funciones y los medios empleados evidencian una estructura con capacidad operativa sostenida\u201d,<\/em><\/strong> indicaron en el fallo. Tambi\u00e9n remarcaron que el l\u00edder continu\u00f3 dirigiendo maniobras desde la c\u00e1rcel mediante canales clandestinos.<\/p>\n\n\n\n<p><strong>Guzm\u00e1n<\/strong> estaba detenido desde <strong>abril de 2023<\/strong>, tras un operativo en <strong>Santiago del Estero<\/strong> en el que se <strong>enfrent\u00f3 a tiros con efectivos<\/strong> de <strong>Gendarmer\u00eda<\/strong>. En ese procedimiento se le secuestraron armas, un chaleco antibalas y equipos de comunicaci\u00f3n.<\/p>\n\n\n\n<p>El tribunal unific\u00f3 esta condena con otras dos dictadas previamente en <strong>Salta y Santiago del Estero<\/strong>, fijando una pena \u00fanica de 15 a\u00f1os de prisi\u00f3n. Adem\u00e1s, se orden\u00f3 el decomiso de veh\u00edculos, dinero y la destrucci\u00f3n del material incautado.<\/p>\n\n\n\n<p>El resto de los integrantes de la banda ya hab\u00edan sido condenados en instancias anteriores mediante juicios abreviados.<\/p>\n<div class=\"newspaper-x-tags\"><strong>TAGS: <\/strong><span><a href=\"https:\/\/www.rosarioalerta.com.ar\/site\/archivos\/tag\/noticias-de-rosario\" rel=\"tag\">Noticias de Rosario<\/a><\/span><a href=\"https:\/\/www.rosarioalerta.com.ar\/site\/archivos\/tag\/rosario\" rel=\"tag\">Rosario<\/a><\/span><a href=\"https:\/\/www.rosarioalerta.com.ar\/site\/archivos\/tag\/santa-fe\" rel=\"tag\">Santa Fe<\/a> <\/div>","protected":false},"excerpt":{"rendered":"<p>El tribunal federal lo responsabiliz\u00f3 por coordinar env\u00edos desde el norte del pa\u00eds. La pena total se fij\u00f3 en 15 a\u00f1os tras unificar condenas previas En Rosario, este jueves, el Tribunal Oral en lo Criminal Federal N\u00b03 conden\u00f3 a Ren\u00e9 \u201cManudo\u201d Guzm\u00e1n a 10 a\u00f1os de prisi\u00f3n por liderar una organizaci\u00f3n que traficaba coca\u00edna oculta [&hellip;]<\/p>\n","protected":false},"author":2,"featured_media":32495,"comment_status":"open","ping_status":"open","sticky":false,"template":"","format":"standard","meta":{"_joinchat":[],"footnotes":""},"categories":[11,13,21],"tags":[95,55,65],"class_list":["post-32494","post","type-post","status-publish","format-standard","has-post-thumbnail","hentry","category-detenidos","category-judiciales","category-noticias","tag-noticias-de-rosario","tag-rosario","tag-santa-fe"],"_links":{"self":[{"href":"https:\/\/www.rosarioalerta.com.ar\/site\/wp-json\/wp\/v2\/posts\/32494","targetHints":{"allow":["GET"]}}],"collection":[{"href":"https:\/\/www.rosarioalerta.com.ar\/site\/wp-json\/wp\/v2\/posts"}],"about":[{"href":"https:\/\/www.rosarioalerta.com.ar\/site\/wp-json\/wp\/v2\/types\/post"}],"author":[{"embeddable":true,"href":"https:\/\/www.rosarioalerta.com.ar\/site\/wp-json\/wp\/v2\/users\/2"}],"replies":[{"embeddable":true,"href":"https:\/\/www.rosarioalerta.com.ar\/site\/wp-json\/wp\/v2\/comments?post=32494"}],"version-history":[{"count":1,"href":"https:\/\/www.rosarioalerta.com.ar\/site\/wp-json\/wp\/v2\/posts\/32494\/revisions"}],"predecessor-version":[{"id":32496,"href":"https:\/\/www.rosarioalerta.com.ar\/site\/wp-json\/wp\/v2\/posts\/32494\/revisions\/32496"}],"wp:featuredmedia":[{"embeddable":true,"href":"https:\/\/www.rosarioalerta.com.ar\/site\/wp-json\/wp\/v2\/media\/32495"}],"wp:attachment":[{"href":"https:\/\/www.rosarioalerta.com.ar\/site\/wp-json\/wp\/v2\/media?parent=32494"}],"wp:term":[{"taxonomy":"category","embeddable":true,"href":"https:\/\/www.rosarioalerta.com.ar\/site\/wp-json\/wp\/v2\/categories?post=32494"},{"taxonomy":"post_tag","embeddable":true,"href":"https:\/\/www.rosarioalerta.com.ar\/site\/wp-json\/wp\/v2\/tags?post=32494"}],"curies":[{"name":"wp","href":"https:\/\/api.w.org\/{rel}","templated":true}]}}