{"id":32448,"date":"2026-04-28T09:04:03","date_gmt":"2026-04-28T12:04:03","guid":{"rendered":"https:\/\/www.rosarioalerta.com.ar\/site\/?p=32448"},"modified":"2026-04-28T09:35:23","modified_gmt":"2026-04-28T12:35:23","slug":"allanamientos-por-abuso-de-arma-en-rosario-y-villa-gobernador-galvez","status":"publish","type":"post","link":"https:\/\/www.rosarioalerta.com.ar\/site\/archivos\/32448","title":{"rendered":"Allanamientos por abuso de arma en Rosario y Villa Gobernador G\u00e1lvez"},"content":{"rendered":"\n<p>La <strong>PDI<\/strong> realiz\u00f3 tres operativos en el marco de una causa iniciada en marzo. La investigaci\u00f3n ya ten\u00eda detenciones previas<\/p>\n\n\n\n<p>Un hombre de 22 a\u00f1os fue detenido este martes en <strong>Villa Gobernador G\u00e1lvez, <\/strong>tras una serie de allanamientos realizados en <strong>Rosario<\/strong> y la vecina ciudad, en el marco de una causa por abuso de arma. El operativo fue llevado adelante por la <strong>Polic\u00eda de Investigaciones<\/strong> (PDI) luego de tareas iniciadas el <strong>8 de marzo<\/strong>, cuando se registr\u00f3 un hecho en <strong>Crespo al 3200<\/strong>. La pesquisa permiti\u00f3 identificar domicilios vinculados y solicitar \u00f3rdenes judiciales.<\/p>\n\n\n\n<p>La investigaci\u00f3n comenz\u00f3 tras un episodio que <strong>incluy\u00f3 abuso de arma<\/strong>, <strong>robo<\/strong> y el posterior recupero de elementos sustra\u00eddos. En ese procedimiento inicial tambi\u00e9n se hall\u00f3 cartucher\u00eda, lo que ampli\u00f3 las l\u00edneas investigativas.<\/p>\n\n\n\n<p>Con el avance de las tareas de inteligencia, los agentes lograron reunir pruebas suficientes para solicitar allanamientos en distintos puntos de <strong>Rosario y Villa Gobernador G\u00e1lvez<\/strong>. Las medidas fueron autorizadas por la Justicia y ejecutadas en las \u00faltimas horas.<\/p>\n\n\n\n<p>Durante los procedimientos, en un domicilio de <strong>Rosario<\/strong> incautaron celulares. En tanto, en <strong>Villa Gobernador G\u00e1lvez<\/strong> fue detenido <strong>Alexis Emanuel S de 22 a\u00f1os<\/strong> y tambi\u00e9n secuestraron dispositivos m\u00f3viles que ser\u00e1n peritados.<\/p>\n\n\n\n<p>Seg\u00fan indicaron fuentes oficiales, el detenido fue trasladado en calidad de incomunicado por disposici\u00f3n del fiscal interviniente. La causa est\u00e1 a cargo de la Unidad de Violencia Altamente Lesiva (UVAL).<\/p>\n\n\n\n<p>El fiscal <strong>Franco Tassini<\/strong>, quien interviene en la causa, orden\u00f3 las medidas judiciales en base a los elementos recolectados. Desde la investigaci\u00f3n se\u00f1alaron que <strong><em>\u201clos allanamientos arrojaron resultados positivos y permiten avanzar en el esclarecimiento del hecho\u201d.<\/em><\/strong><\/p>\n\n\n\n<p>Fuentes del caso confirmaron que no se trata de un hecho aislado. En el marco de la misma causa, ya se hab\u00edan concretado detenciones previas vinculadas al episodio ocurrido en marzo.<\/p>\n\n\n\n<p>La investigaci\u00f3n contin\u00faa en curso y no se descartan nuevas medidas. El foco ahora est\u00e1 puesto en el an\u00e1lisis de los dispositivos secuestrados, clave para reconstruir la secuencia del hecho y determinar posibles responsabilidades.<\/p>\n<div class=\"newspaper-x-tags\"><strong>TAGS: <\/strong><span><a href=\"https:\/\/www.rosarioalerta.com.ar\/site\/archivos\/tag\/arroyo-seco\" rel=\"tag\">Arroyo Seco<\/a><\/span><a href=\"https:\/\/www.rosarioalerta.com.ar\/site\/archivos\/tag\/noticias-de-arroyo-seco\" rel=\"tag\">Noticias de Arroyo Seco<\/a><\/span><a href=\"https:\/\/www.rosarioalerta.com.ar\/site\/archivos\/tag\/noticias-de-rosario\" rel=\"tag\">Noticias de Rosario<\/a><\/span><a href=\"https:\/\/www.rosarioalerta.com.ar\/site\/archivos\/tag\/rosario\" rel=\"tag\">Rosario<\/a><\/span><a href=\"https:\/\/www.rosarioalerta.com.ar\/site\/archivos\/tag\/santa-fe\" rel=\"tag\">Santa Fe<\/a> <\/div>","protected":false},"excerpt":{"rendered":"<p>La PDI realiz\u00f3 tres operativos en el marco de una causa iniciada en marzo. La investigaci\u00f3n ya ten\u00eda detenciones previas Un hombre de 22 a\u00f1os fue detenido este martes en Villa Gobernador G\u00e1lvez, tras una serie de allanamientos realizados en Rosario y la vecina ciudad, en el marco de una causa por abuso de arma. [&hellip;]<\/p>\n","protected":false},"author":2,"featured_media":32453,"comment_status":"open","ping_status":"open","sticky":false,"template":"","format":"standard","meta":{"_joinchat":[],"footnotes":""},"categories":[11,21,14],"tags":[177,136,95,55,65],"class_list":["post-32448","post","type-post","status-publish","format-standard","has-post-thumbnail","hentry","category-detenidos","category-noticias","category-policiales","tag-arroyo-seco","tag-noticias-de-arroyo-seco","tag-noticias-de-rosario","tag-rosario","tag-santa-fe"],"_links":{"self":[{"href":"https:\/\/www.rosarioalerta.com.ar\/site\/wp-json\/wp\/v2\/posts\/32448","targetHints":{"allow":["GET"]}}],"collection":[{"href":"https:\/\/www.rosarioalerta.com.ar\/site\/wp-json\/wp\/v2\/posts"}],"about":[{"href":"https:\/\/www.rosarioalerta.com.ar\/site\/wp-json\/wp\/v2\/types\/post"}],"author":[{"embeddable":true,"href":"https:\/\/www.rosarioalerta.com.ar\/site\/wp-json\/wp\/v2\/users\/2"}],"replies":[{"embeddable":true,"href":"https:\/\/www.rosarioalerta.com.ar\/site\/wp-json\/wp\/v2\/comments?post=32448"}],"version-history":[{"count":1,"href":"https:\/\/www.rosarioalerta.com.ar\/site\/wp-json\/wp\/v2\/posts\/32448\/revisions"}],"predecessor-version":[{"id":32451,"href":"https:\/\/www.rosarioalerta.com.ar\/site\/wp-json\/wp\/v2\/posts\/32448\/revisions\/32451"}],"wp:featuredmedia":[{"embeddable":true,"href":"https:\/\/www.rosarioalerta.com.ar\/site\/wp-json\/wp\/v2\/media\/32453"}],"wp:attachment":[{"href":"https:\/\/www.rosarioalerta.com.ar\/site\/wp-json\/wp\/v2\/media?parent=32448"}],"wp:term":[{"taxonomy":"category","embeddable":true,"href":"https:\/\/www.rosarioalerta.com.ar\/site\/wp-json\/wp\/v2\/categories?post=32448"},{"taxonomy":"post_tag","embeddable":true,"href":"https:\/\/www.rosarioalerta.com.ar\/site\/wp-json\/wp\/v2\/tags?post=32448"}],"curies":[{"name":"wp","href":"https:\/\/api.w.org\/{rel}","templated":true}]}}