{"id":32433,"date":"2026-04-27T19:17:24","date_gmt":"2026-04-27T22:17:24","guid":{"rendered":"https:\/\/www.rosarioalerta.com.ar\/site\/?p=32433"},"modified":"2026-04-27T19:17:26","modified_gmt":"2026-04-27T22:17:26","slug":"amenazas-a-escuelas-el-gobierno-empezo-a-cobrar-los-operativos-y-llego-la-primera-factura-millonaria","status":"publish","type":"post","link":"https:\/\/www.rosarioalerta.com.ar\/site\/archivos\/32433","title":{"rendered":"Amenazas a escuelas: el Gobierno empez\u00f3 a cobrar los operativos y lleg\u00f3 la primera factura millonaria"},"content":{"rendered":"\n<p>Un padre deber\u00e1 pagar <strong>m\u00e1s de 6 millones<\/strong> de pesos por una falsa amenaza<\/p>\n\n\n\n<p>El <strong>Gobierno de Santa Fe<\/strong> notific\u00f3 <strong>este lunes al primer responsable<\/strong> por una <strong>amenaza a una escuela<\/strong> y le <strong>reclam\u00f3 el pago del operativo policial<\/strong>. Ocurri\u00f3 en la ciudad de <strong>Santa Fe<\/strong>, donde <strong>los padres de un menor<\/strong> <strong>identificado como autor deber\u00e1n abonar 6.024.944 pesos<\/strong>. La medida forma parte de una pol\u00edtica para recuperar gastos p\u00fablicos. La intervenci\u00f3n se activ\u00f3 tras una denuncia falsa y deriv\u00f3 en un despliegue de seguridad.<\/p>\n\n\n\n<p>La notificaci\u00f3n fue entregada por personal policial durante la ma\u00f1ana. Al recibirla, el padre reaccion\u00f3 con una frase que resumi\u00f3 el impacto: <strong><em>\u201cCara la jodita\u201d.<\/em><\/strong><\/p>\n\n\n\n<p>El procedimiento se enmarca en una resoluci\u00f3n oficial que busca que los responsables \u2014en muchos casos adultos a cargo de menores\u2014 afronten los costos generados por estas amenazas. Cada operativo incluye m\u00f3viles, brigadas especializadas y horas de trabajo.<\/p>\n\n\n\n<p><strong>El plazo de pago es de cinco d\u00edas. Si no se cumple, el caso pasa a la Fiscal\u00eda de Estado para su ejecuci\u00f3n.<\/strong><\/p>\n\n\n\n<p>Seg\u00fan datos oficiales, <strong>ya se identificaron responsables en 58 hechos<\/strong>. En total, hay <strong>m\u00e1s de 70 personas involucradas<\/strong> entre autores y adultos responsables.<\/p>\n\n\n\n<p>Las intimaciones se env\u00edan a medida que la Fiscal\u00eda valida las identidades. El proceso alcanza tanto a mayores como a menores no punibles, trasladando la responsabilidad econ\u00f3mica a sus tutores.<\/p>\n\n\n\n<p>El ministro <strong>Pablo Cococcioni<\/strong> explic\u00f3 que se trata de una <strong><em>\u201cindemnizaci\u00f3n civil\u201d<\/em><\/strong> y no de una sanci\u00f3n penal. <strong><em>\u201cNo es una multa, es el costo exacto del operativo que pagan todos los santafesinos\u201d,<\/em><\/strong> afirm\u00f3.<\/p>\n\n\n\n<p>Adem\u00e1s, advirti\u00f3 que el monto puede incluir embargos o inhibiciones si no se paga en t\u00e9rmino.<\/p>\n\n\n\n<p>Las amenazas a escuelas generaron m\u00faltiples operativos en la provincia en los \u00faltimos meses. Cada intervenci\u00f3n implica recursos significativos, incluso unidades especializadas en explosivos.<\/p>\n\n\n\n<p><strong>El Gobierno estima que el recupero por los casos ya detectados supera los 250 millones de pesos<\/strong>.<\/p>\n\n\n\n<p>Las notificaciones continuar\u00e1n en los pr\u00f3ximos d\u00edas. La Provincia busca establecer un precedente: que las falsas amenazas tengan consecuencias econ\u00f3micas concretas.<\/p>\n<div class=\"newspaper-x-tags\"><strong>TAGS: <\/strong><span><a href=\"https:\/\/www.rosarioalerta.com.ar\/site\/archivos\/tag\/noticias-de-rosario\" rel=\"tag\">Noticias de Rosario<\/a><\/span><a href=\"https:\/\/www.rosarioalerta.com.ar\/site\/archivos\/tag\/rosario\" rel=\"tag\">Rosario<\/a><\/span><a href=\"https:\/\/www.rosarioalerta.com.ar\/site\/archivos\/tag\/santa-fe\" rel=\"tag\">Santa Fe<\/a> <\/div>","protected":false},"excerpt":{"rendered":"<p>Un padre deber\u00e1 pagar m\u00e1s de 6 millones de pesos por una falsa amenaza El Gobierno de Santa Fe notific\u00f3 este lunes al primer responsable por una amenaza a una escuela y le reclam\u00f3 el pago del operativo policial. Ocurri\u00f3 en la ciudad de Santa Fe, donde los padres de un menor identificado como autor [&hellip;]<\/p>\n","protected":false},"author":2,"featured_media":32434,"comment_status":"open","ping_status":"open","sticky":false,"template":"","format":"standard","meta":{"_joinchat":[],"footnotes":""},"categories":[18,21,14],"tags":[95,55,65],"class_list":["post-32433","post","type-post","status-publish","format-standard","has-post-thumbnail","hentry","category-institucional","category-noticias","category-policiales","tag-noticias-de-rosario","tag-rosario","tag-santa-fe"],"_links":{"self":[{"href":"https:\/\/www.rosarioalerta.com.ar\/site\/wp-json\/wp\/v2\/posts\/32433","targetHints":{"allow":["GET"]}}],"collection":[{"href":"https:\/\/www.rosarioalerta.com.ar\/site\/wp-json\/wp\/v2\/posts"}],"about":[{"href":"https:\/\/www.rosarioalerta.com.ar\/site\/wp-json\/wp\/v2\/types\/post"}],"author":[{"embeddable":true,"href":"https:\/\/www.rosarioalerta.com.ar\/site\/wp-json\/wp\/v2\/users\/2"}],"replies":[{"embeddable":true,"href":"https:\/\/www.rosarioalerta.com.ar\/site\/wp-json\/wp\/v2\/comments?post=32433"}],"version-history":[{"count":1,"href":"https:\/\/www.rosarioalerta.com.ar\/site\/wp-json\/wp\/v2\/posts\/32433\/revisions"}],"predecessor-version":[{"id":32435,"href":"https:\/\/www.rosarioalerta.com.ar\/site\/wp-json\/wp\/v2\/posts\/32433\/revisions\/32435"}],"wp:featuredmedia":[{"embeddable":true,"href":"https:\/\/www.rosarioalerta.com.ar\/site\/wp-json\/wp\/v2\/media\/32434"}],"wp:attachment":[{"href":"https:\/\/www.rosarioalerta.com.ar\/site\/wp-json\/wp\/v2\/media?parent=32433"}],"wp:term":[{"taxonomy":"category","embeddable":true,"href":"https:\/\/www.rosarioalerta.com.ar\/site\/wp-json\/wp\/v2\/categories?post=32433"},{"taxonomy":"post_tag","embeddable":true,"href":"https:\/\/www.rosarioalerta.com.ar\/site\/wp-json\/wp\/v2\/tags?post=32433"}],"curies":[{"name":"wp","href":"https:\/\/api.w.org\/{rel}","templated":true}]}}