{"id":32422,"date":"2026-04-27T07:17:38","date_gmt":"2026-04-27T10:17:38","guid":{"rendered":"https:\/\/www.rosarioalerta.com.ar\/site\/?p=32422"},"modified":"2026-04-27T07:17:43","modified_gmt":"2026-04-27T10:17:43","slug":"disparos-en-la-madrugada-un-hombre-armado-termino-detenido-en-zona-oeste","status":"publish","type":"post","link":"https:\/\/www.rosarioalerta.com.ar\/site\/archivos\/32422","title":{"rendered":"Disparos en la madrugada: un hombre armado termin\u00f3 detenido en zona oeste"},"content":{"rendered":"\n<p>Vecinos alertaron al 911 por detonaciones. La polic\u00eda secuestr\u00f3 un arma y hall\u00f3 vainas servidas en un monoblock Supercemento<\/p>\n\n\n\n<p>Un hombre de 56 a\u00f1os, identificado como <strong>Fernando Ariel P. K<\/strong> fue detenido este lunes durante la madrugada en <strong>Magdalena G\u00fcemes al 7600<\/strong>, en la zona oeste de <strong>Rosario<\/strong>, tras ser acusado de efectuar disparos al aire desde su departamento. El procedimiento se inici\u00f3 por llamados al 911 que advert\u00edan detonaciones. Al llegar, la polic\u00eda entrevist\u00f3 a una vecina y escuch\u00f3 un nuevo disparo, lo que deriv\u00f3 en la intervenci\u00f3n directa en la vivienda y el secuestro de un arma.<\/p>\n\n\n\n<p>Personal del <strong>Comando Radioel\u00e9ctrico<\/strong> arrib\u00f3 al <strong>monoblock 16<\/strong> y tom\u00f3 testimonio a una vecina de 66 a\u00f1os, quien se\u00f1al\u00f3 a su vecino del segundo piso como autor de los disparos. Mientras los agentes recababan datos, se oy\u00f3 otra detonaci\u00f3n desde el interior del edificio.<\/p>\n\n\n\n<p>Los efectivos golpearon la puerta del departamento se\u00f1alado y fueron atendidos por el sospechoso, quien entreg\u00f3 voluntariamente una pistola calibre 22 sin numeraci\u00f3n visible. En el patio del complejo hallaron cuatro vainas servidas del mismo calibre.<\/p>\n\n\n\n<p>El arma fue secuestrada junto a tres cartuchos intactos. La <strong>Polic\u00eda de Investigaciones<\/strong> (PDI) fue convocada para peritajes. El procedimiento qued\u00f3 registrado en la <strong>Comisar\u00eda 12\u00ba<\/strong><\/p>\n\n\n\n<p>El detenido qued\u00f3 a disposici\u00f3n de la Justicia mientras se avanza en la causa por abuso de arma de fuego. Tambi\u00e9n se identific\u00f3 a otra vecina, de 19 a\u00f1os, como propietaria del departamento donde se encontraron las vainas.<\/p>\n\n\n\n<p>Horas antes, dos j\u00f3venes fueron detenidos tras arrebatarle una gorra a un ciclista en <strong>Benito Ju\u00e1rez y Pueyrred\u00f3n<\/strong>. Se trata de <strong>Mat\u00edas P de 23 a\u00f1os<\/strong> y <strong>Daira V de 24<\/strong>, quienes se movilizaban en una moto.<\/p>\n\n\n\n<p>El <strong>Grupo T\u00e1ctico Multiprop\u00f3sito<\/strong> los intercept\u00f3 tras un seguimiento controlado. La v\u00edctima, de 22 a\u00f1os, reconoci\u00f3 a los sospechosos y pidi\u00f3 instar acci\u00f3n penal. Recuperaron el objeto robado y la motocicleta fue secuestrada.<\/p>\n\n\n\n<p>La jornada del domingo tambi\u00e9n dej\u00f3 un hecho grave en <strong>barrio Banana<\/strong>. Un joven de 25 a\u00f1os fue baleado en la zona de <strong>R\u00edo de Janeiro al 2700<\/strong> por atacantes no identificados. Recibi\u00f3 un disparo en el t\u00f3rax y fue trasladado al <strong>HECA<\/strong>, donde permanece internado con pron\u00f3stico reservado.<\/p>\n\n\n\n<p>En el operativo posterior, la polic\u00eda demor\u00f3 a un sospechoso que qued\u00f3 a disposici\u00f3n judicial mientras se investiga su posible v\u00ednculo con el ataque.<\/p>\n\n\n\n<p>Los tres episodios, ocurridos en menos de 24 horas, reflejan distintos niveles de violencia urbana en Rosario: desde disparos intimidatorios hasta robos y ataques armados. Las causas siguen en curso.<\/p>\n<div class=\"newspaper-x-tags\"><strong>TAGS: <\/strong><span><a href=\"https:\/\/www.rosarioalerta.com.ar\/site\/archivos\/tag\/noticias-de-rosario\" rel=\"tag\">Noticias de Rosario<\/a><\/span><a href=\"https:\/\/www.rosarioalerta.com.ar\/site\/archivos\/tag\/rosario\" rel=\"tag\">Rosario<\/a><\/span><a href=\"https:\/\/www.rosarioalerta.com.ar\/site\/archivos\/tag\/santa-fe\" rel=\"tag\">Santa Fe<\/a> <\/div>","protected":false},"excerpt":{"rendered":"<p>Vecinos alertaron al 911 por detonaciones. La polic\u00eda secuestr\u00f3 un arma y hall\u00f3 vainas servidas en un monoblock Supercemento Un hombre de 56 a\u00f1os, identificado como Fernando Ariel P. K fue detenido este lunes durante la madrugada en Magdalena G\u00fcemes al 7600, en la zona oeste de Rosario, tras ser acusado de efectuar disparos al [&hellip;]<\/p>\n","protected":false},"author":2,"featured_media":32423,"comment_status":"open","ping_status":"open","sticky":false,"template":"","format":"standard","meta":{"_joinchat":[],"footnotes":""},"categories":[15,11,17,21,14],"tags":[95,55,65],"class_list":["post-32422","post","type-post","status-publish","format-standard","has-post-thumbnail","hentry","category-balaceras","category-detenidos","category-heridos","category-noticias","category-policiales","tag-noticias-de-rosario","tag-rosario","tag-santa-fe"],"_links":{"self":[{"href":"https:\/\/www.rosarioalerta.com.ar\/site\/wp-json\/wp\/v2\/posts\/32422","targetHints":{"allow":["GET"]}}],"collection":[{"href":"https:\/\/www.rosarioalerta.com.ar\/site\/wp-json\/wp\/v2\/posts"}],"about":[{"href":"https:\/\/www.rosarioalerta.com.ar\/site\/wp-json\/wp\/v2\/types\/post"}],"author":[{"embeddable":true,"href":"https:\/\/www.rosarioalerta.com.ar\/site\/wp-json\/wp\/v2\/users\/2"}],"replies":[{"embeddable":true,"href":"https:\/\/www.rosarioalerta.com.ar\/site\/wp-json\/wp\/v2\/comments?post=32422"}],"version-history":[{"count":1,"href":"https:\/\/www.rosarioalerta.com.ar\/site\/wp-json\/wp\/v2\/posts\/32422\/revisions"}],"predecessor-version":[{"id":32424,"href":"https:\/\/www.rosarioalerta.com.ar\/site\/wp-json\/wp\/v2\/posts\/32422\/revisions\/32424"}],"wp:featuredmedia":[{"embeddable":true,"href":"https:\/\/www.rosarioalerta.com.ar\/site\/wp-json\/wp\/v2\/media\/32423"}],"wp:attachment":[{"href":"https:\/\/www.rosarioalerta.com.ar\/site\/wp-json\/wp\/v2\/media?parent=32422"}],"wp:term":[{"taxonomy":"category","embeddable":true,"href":"https:\/\/www.rosarioalerta.com.ar\/site\/wp-json\/wp\/v2\/categories?post=32422"},{"taxonomy":"post_tag","embeddable":true,"href":"https:\/\/www.rosarioalerta.com.ar\/site\/wp-json\/wp\/v2\/tags?post=32422"}],"curies":[{"name":"wp","href":"https:\/\/api.w.org\/{rel}","templated":true}]}}