{"id":32417,"date":"2026-04-26T11:04:56","date_gmt":"2026-04-26T14:04:56","guid":{"rendered":"https:\/\/www.rosarioalerta.com.ar\/site\/?p=32417"},"modified":"2026-04-26T11:04:59","modified_gmt":"2026-04-26T14:04:59","slug":"accidente-fatal-en-rosario-buscan-testigos-por-la-muerte-de-un-joven","status":"publish","type":"post","link":"https:\/\/www.rosarioalerta.com.ar\/site\/archivos\/32417","title":{"rendered":"Accidente fatal en Rosario: buscan testigos por la muerte de un joven"},"content":{"rendered":"\n<figure class=\"wp-block-embed is-type-video is-provider-youtube wp-block-embed-youtube wp-embed-aspect-16-9 wp-has-aspect-ratio\"><div class=\"wp-block-embed__wrapper\">\n<div class=\"newspaper-x-video-container\"><iframe loading=\"lazy\" title=\"Accidente fatal en Rosario: buscan testigos por la muerte de un joven\" width=\"750\" height=\"422\" src=\"https:\/\/www.youtube.com\/embed\/yjMdI2va7lY?feature=oembed\" frameborder=\"0\" allow=\"accelerometer; autoplay; clipboard-write; encrypted-media; gyroscope; picture-in-picture; web-share\" referrerpolicy=\"strict-origin-when-cross-origin\" allowfullscreen><\/iframe><\/div>\n<\/div><\/figure>\n\n\n\n<p>La familia de la v\u00edctima pide colaboraci\u00f3n para reconstruir el hecho ocurrido de madrugada debajo del puente Rosario-Victoria.<\/p>\n\n\n\n<p>Un joven muri\u00f3 tras un accidente de tr\u00e1nsito ocurrido el domingo 29 de marzo de 2026, alrededor de las 2.38, en la zona de <strong>Av Rondeau y el camino l\u00edmite del municipio<\/strong>, en cercan\u00edas del puente <strong>Rosario-Victoria<\/strong>. La v\u00edctima fue identificada como <strong>Maximiliano Gabriel S\u00e1nchez<\/strong>. Seg\u00fan el pedido difundido por sus familiares, fue embestido por un autom\u00f3vil y buscan testigos para esclarecer c\u00f3mo ocurri\u00f3 el hecho.<\/p>\n\n\n\n<p>De acuerdo a la informaci\u00f3n aportada por la familia, el joven fue atropellado en circunstancias que a\u00fan no est\u00e1n claras. El impacto se produjo en un sector de circulaci\u00f3n vehicular frecuente durante la madrugada.<\/p>\n\n\n\n<p>Hasta el momento, no se difundieron detalles oficiales sobre la mec\u00e1nica del siniestro ni sobre el conductor involucrado. La falta de registros completos gener\u00f3 dudas entre los allegados.<\/p>\n\n\n\n<p>La familia sostiene que necesita reconstruir los momentos previos y posteriores al choque. Por ese motivo, solicitan la colaboraci\u00f3n de personas que hayan transitado por la zona en ese horario.<\/p>\n\n\n\n<p>Tambi\u00e9n piden acceso a registros de c\u00e1maras de seguridad, tanto de veh\u00edculos como de comercios cercanos, que puedan haber captado el hecho o movimientos relevantes en los minutos previos.<\/p>\n\n\n\n<p>A trav\u00e9s de un mensaje p\u00fablico, los familiares expresaron su preocupaci\u00f3n por la falta de informaci\u00f3n completa. <strong><em>\u201cNecesitamos saber la verdad\u201d,<\/em><\/strong> se\u00f1alaron, y remarcaron que cualquier dato, por m\u00ednimo que sea, puede resultar clave.<\/p>\n\n\n\n<p>Adem\u00e1s, indicaron que buscan identificar posibles maniobras sospechosas en el \u00e1rea que ayuden a entender lo sucedido.<\/p>\n\n\n\n<p>La zona donde ocurri\u00f3 el hecho conecta Rosario con el puente Rosario-Victoria, un corredor con tr\u00e1nsito constante, incluso en horarios nocturnos. En ese contexto, los siniestros viales suelen requerir peritajes t\u00e9cnicos y registros visuales para su esclarecimiento.<\/p>\n\n\n\n<p>El caso contin\u00faa sin una reconstrucci\u00f3n p\u00fablica completa. La familia habilit\u00f3 el <strong>n\u00famero 3416278266<\/strong> para recibir informaci\u00f3n de testigos que pueda aportar claridad al hecho y avanzar en la investigaci\u00f3n.<\/p>\n<div class=\"newspaper-x-tags\"><strong>TAGS: <\/strong><span><a href=\"https:\/\/www.rosarioalerta.com.ar\/site\/archivos\/tag\/noticias-de-rosario\" rel=\"tag\">Noticias de Rosario<\/a><\/span><a href=\"https:\/\/www.rosarioalerta.com.ar\/site\/archivos\/tag\/rosario\" rel=\"tag\">Rosario<\/a><\/span><a href=\"https:\/\/www.rosarioalerta.com.ar\/site\/archivos\/tag\/santa-fe\" rel=\"tag\">Santa Fe<\/a> <\/div>","protected":false},"excerpt":{"rendered":"<p>La familia de la v\u00edctima pide colaboraci\u00f3n para reconstruir el hecho ocurrido de madrugada debajo del puente Rosario-Victoria. Un joven muri\u00f3 tras un accidente de tr\u00e1nsito ocurrido el domingo 29 de marzo de 2026, alrededor de las 2.38, en la zona de Av Rondeau y el camino l\u00edmite del municipio, en cercan\u00edas del puente Rosario-Victoria. [&hellip;]<\/p>\n","protected":false},"author":2,"featured_media":32418,"comment_status":"open","ping_status":"open","sticky":false,"template":"","format":"standard","meta":{"_joinchat":[],"footnotes":""},"categories":[21,14,10,52],"tags":[95,55,65],"class_list":["post-32417","post","type-post","status-publish","format-standard","has-post-thumbnail","hentry","category-noticias","category-policiales","category-siniestros-viales","category-te-buscamos","tag-noticias-de-rosario","tag-rosario","tag-santa-fe"],"_links":{"self":[{"href":"https:\/\/www.rosarioalerta.com.ar\/site\/wp-json\/wp\/v2\/posts\/32417","targetHints":{"allow":["GET"]}}],"collection":[{"href":"https:\/\/www.rosarioalerta.com.ar\/site\/wp-json\/wp\/v2\/posts"}],"about":[{"href":"https:\/\/www.rosarioalerta.com.ar\/site\/wp-json\/wp\/v2\/types\/post"}],"author":[{"embeddable":true,"href":"https:\/\/www.rosarioalerta.com.ar\/site\/wp-json\/wp\/v2\/users\/2"}],"replies":[{"embeddable":true,"href":"https:\/\/www.rosarioalerta.com.ar\/site\/wp-json\/wp\/v2\/comments?post=32417"}],"version-history":[{"count":1,"href":"https:\/\/www.rosarioalerta.com.ar\/site\/wp-json\/wp\/v2\/posts\/32417\/revisions"}],"predecessor-version":[{"id":32419,"href":"https:\/\/www.rosarioalerta.com.ar\/site\/wp-json\/wp\/v2\/posts\/32417\/revisions\/32419"}],"wp:featuredmedia":[{"embeddable":true,"href":"https:\/\/www.rosarioalerta.com.ar\/site\/wp-json\/wp\/v2\/media\/32418"}],"wp:attachment":[{"href":"https:\/\/www.rosarioalerta.com.ar\/site\/wp-json\/wp\/v2\/media?parent=32417"}],"wp:term":[{"taxonomy":"category","embeddable":true,"href":"https:\/\/www.rosarioalerta.com.ar\/site\/wp-json\/wp\/v2\/categories?post=32417"},{"taxonomy":"post_tag","embeddable":true,"href":"https:\/\/www.rosarioalerta.com.ar\/site\/wp-json\/wp\/v2\/tags?post=32417"}],"curies":[{"name":"wp","href":"https:\/\/api.w.org\/{rel}","templated":true}]}}