{"id":32414,"date":"2026-04-26T10:53:01","date_gmt":"2026-04-26T13:53:01","guid":{"rendered":"https:\/\/www.rosarioalerta.com.ar\/site\/?p=32414"},"modified":"2026-04-26T10:53:02","modified_gmt":"2026-04-26T13:53:02","slug":"ampliacion-carcelaria-en-rosario-15-ofertas-para-sumar-320-plazas-y-reducir-presos-en-comisarias","status":"publish","type":"post","link":"https:\/\/www.rosarioalerta.com.ar\/site\/archivos\/32414","title":{"rendered":"Ampliaci\u00f3n carcelaria en Rosario: 15 ofertas para sumar 320 plazas y reducir presos en comisar\u00edas"},"content":{"rendered":"\n<p>La Provincia avanza con una obra millonaria en la Unidad Penitenciaria N\u00ba 12 para aliviar la sobrecarga del sistema.<\/p>\n\n\n\n<p>El Gobierno de Santa Fe licit\u00f3 la ampliaci\u00f3n de la <strong>Unidad Penitenciaria N\u00ba 12<\/strong> de Rosario el 25 de abril, con el objetivo de sumar <strong>320 plazas<\/strong> y <strong>disminuir la cantidad de detenidos alojados en comisar\u00edas<\/strong>. El proyecto, con un presupuesto oficial superior a los 21.600 millones de pesos, prev\u00e9 un plazo de ejecuci\u00f3n de 480 d\u00edas y forma parte de un plan para reorganizar el sistema penitenciario.<\/p>\n\n\n\n<p>La iniciativa contempla la construcci\u00f3n de un nuevo m\u00f3dulo en un predio anexo, ubicado en la intersecci\u00f3n de <strong>Av de las Palmeras y Favario<\/strong>. Tendr\u00e1 una superficie cubierta de 6.588 metros cuadrados y estar\u00e1 destinado a internos de poblaci\u00f3n general, distribuidos en celdas dobles.<\/p>\n\n\n\n<p>El acto de apertura de sobres se realiz\u00f3 en la sede de Gobierno en Rosario, donde se presentaron 15 ofertas de distintas empresas constructoras interesadas en ejecutar la obra.<\/p>\n\n\n\n<p>El proceso licitatorio reuni\u00f3 propuestas que van desde los 17.219 millones hasta los 23.401 millones de pesos. Las autoridades evaluar\u00e1n ahora aspectos t\u00e9cnicos y econ\u00f3micos para definir la adjudicaci\u00f3n.<\/p>\n\n\n\n<p>Desde el Ministerio de Justicia y Seguridad indicaron que el objetivo es optimizar recursos y acelerar los tiempos de ejecuci\u00f3n, en un contexto de una constante de la poblaci\u00f3n carcelaria.<\/p>\n\n\n\n<p>El ministro <strong>Pablo Cococcioni<\/strong> afirm\u00f3 que la obra responde a la necesidad de \u201cordenar el sistema penitenciario y mejorar la eficiencia del gasto p\u00fablico\u201d. Seg\u00fan precis\u00f3, la provincia registra un promedio de 96 nuevos internos por mes, superando la media nacional.<\/p>\n\n\n\n<p>Adem\u00e1s, remarc\u00f3 que ampliar la capacidad permitir\u00e1 reducir la presencia de detenidos en dependencias policiales y mejorar la clasificaci\u00f3n de los internos.<\/p>\n\n\n\n<p>El proyecto se enmarca en un plan integral impulsado por la gesti\u00f3n provincial que busca ampliar significativamente la infraestructura carcelaria. Entre 1984 y 2003 se construyeron 4.379 plazas, mientras que el objetivo actual es superar las 7.100 nuevas.<\/p>\n\n\n\n<p>Tambi\u00e9n avanza la construcci\u00f3n del <strong>Centro de Reclusi\u00f3n para Internos de Alto Perfil en Pi\u00f1ero<\/strong>, que tendr\u00e1 capacidad para m\u00e1s de mil detenidos.<\/p>\n\n\n\n<p>La obra a\u00fan no fue adjudicada. El proceso contin\u00faa en etapa de evaluaci\u00f3n de ofertas. De concretarse, permitir\u00e1 descomprimir comisar\u00edas y reforzar el sistema penitenciario en Rosario y la regi\u00f3n.<\/p>\n<div class=\"newspaper-x-tags\"><strong>TAGS: <\/strong><span><a href=\"https:\/\/www.rosarioalerta.com.ar\/site\/archivos\/tag\/noticias-de-rosario\" rel=\"tag\">Noticias de Rosario<\/a><\/span><a href=\"https:\/\/www.rosarioalerta.com.ar\/site\/archivos\/tag\/rosario\" rel=\"tag\">Rosario<\/a><\/span><a href=\"https:\/\/www.rosarioalerta.com.ar\/site\/archivos\/tag\/santa-fe\" rel=\"tag\">Santa Fe<\/a> <\/div>","protected":false},"excerpt":{"rendered":"<p>La Provincia avanza con una obra millonaria en la Unidad Penitenciaria N\u00ba 12 para aliviar la sobrecarga del sistema. El Gobierno de Santa Fe licit\u00f3 la ampliaci\u00f3n de la Unidad Penitenciaria N\u00ba 12 de Rosario el 25 de abril, con el objetivo de sumar 320 plazas y disminuir la cantidad de detenidos alojados en comisar\u00edas. [&hellip;]<\/p>\n","protected":false},"author":2,"featured_media":32415,"comment_status":"open","ping_status":"open","sticky":false,"template":"","format":"standard","meta":{"_joinchat":[],"footnotes":""},"categories":[18,21],"tags":[95,55,65],"class_list":["post-32414","post","type-post","status-publish","format-standard","has-post-thumbnail","hentry","category-institucional","category-noticias","tag-noticias-de-rosario","tag-rosario","tag-santa-fe"],"_links":{"self":[{"href":"https:\/\/www.rosarioalerta.com.ar\/site\/wp-json\/wp\/v2\/posts\/32414","targetHints":{"allow":["GET"]}}],"collection":[{"href":"https:\/\/www.rosarioalerta.com.ar\/site\/wp-json\/wp\/v2\/posts"}],"about":[{"href":"https:\/\/www.rosarioalerta.com.ar\/site\/wp-json\/wp\/v2\/types\/post"}],"author":[{"embeddable":true,"href":"https:\/\/www.rosarioalerta.com.ar\/site\/wp-json\/wp\/v2\/users\/2"}],"replies":[{"embeddable":true,"href":"https:\/\/www.rosarioalerta.com.ar\/site\/wp-json\/wp\/v2\/comments?post=32414"}],"version-history":[{"count":1,"href":"https:\/\/www.rosarioalerta.com.ar\/site\/wp-json\/wp\/v2\/posts\/32414\/revisions"}],"predecessor-version":[{"id":32416,"href":"https:\/\/www.rosarioalerta.com.ar\/site\/wp-json\/wp\/v2\/posts\/32414\/revisions\/32416"}],"wp:featuredmedia":[{"embeddable":true,"href":"https:\/\/www.rosarioalerta.com.ar\/site\/wp-json\/wp\/v2\/media\/32415"}],"wp:attachment":[{"href":"https:\/\/www.rosarioalerta.com.ar\/site\/wp-json\/wp\/v2\/media?parent=32414"}],"wp:term":[{"taxonomy":"category","embeddable":true,"href":"https:\/\/www.rosarioalerta.com.ar\/site\/wp-json\/wp\/v2\/categories?post=32414"},{"taxonomy":"post_tag","embeddable":true,"href":"https:\/\/www.rosarioalerta.com.ar\/site\/wp-json\/wp\/v2\/tags?post=32414"}],"curies":[{"name":"wp","href":"https:\/\/api.w.org\/{rel}","templated":true}]}}