{"id":31497,"date":"2026-03-14T10:07:27","date_gmt":"2026-03-14T13:07:27","guid":{"rendered":"https:\/\/www.rosarioalerta.com.ar\/site\/?p=31497"},"modified":"2026-03-15T08:08:41","modified_gmt":"2026-03-15T11:08:41","slug":"mataron-a-un-hombre-en-tio-rolo","status":"publish","type":"post","link":"https:\/\/www.rosarioalerta.com.ar\/site\/archivos\/31497","title":{"rendered":"Asesinan a un chofer de UBER en barrio Las Flores"},"content":{"rendered":"\n<p>La v\u00edctima era un ex prefecto de 57 a\u00f1os<\/p>\n\n\n\n<p><strong>Juan Carlos Baini<\/strong> fue hallado sin vida junto a su veh\u00edculo en la zona sur de Rosario. La Fiscal\u00eda investiga el hecho y busca reconstruir el \u00faltimo viaje que realiz\u00f3 antes del ataque.<\/p>\n\n\n\n<p>Un hombre fue asesinado a balazos en la ma\u00f1ana del s\u00e1bado &nbsp;en barrio Las Flores, en la zona sur de Rosario. La v\u00edctima fue identificada como <strong>Juan Carlos Baini, de 57 a\u00f1os,<\/strong> quien trabajaba como conductor de la aplicaci\u00f3n <strong>UBER<\/strong>. El hecho ocurri\u00f3 pasadas las 6:30 en la colectora <strong>Jos\u00e9 Mar\u00eda Rosa al 8300,<\/strong> luego de que vecinos alertaran al 911 sobre una persona herida en la v\u00eda p\u00fablica.<\/p>\n\n\n\n<p>Cuando personal policial y m\u00e9dicos del <strong>SIES<\/strong> llegaron al lugar, constataron que <strong>Baini<\/strong> ya hab\u00eda fallecido. El cuerpo presentaba m\u00faltiples heridas de arma de fuego en la zona de la espalda, seg\u00fan los primeros informes del caso.<\/p>\n\n\n\n<p>De acuerdo con los primeros indicios recolectados en la escena, la v\u00edctima se encontraba junto a su Kangoo. El rodado estaba con las puertas abiertas y las llaves colocadas, lo que llam\u00f3 la atenci\u00f3n de los investigadores.<\/p>\n\n\n\n<p>Los datos iniciales indican que <strong>Baini<\/strong> se encontraba trabajando como conductor de <strong>UBER<\/strong> al momento del hecho. Sus pertenencias personales fueron halladas en el lugar y no presentaban faltantes, salvo el tel\u00e9fono celular. Los investigadores analizan la posibilidad de que el autor del crimen haya sustra\u00eddo el dispositivo para evitar que se identifique al pasajero que solicit\u00f3 el \u00faltimo viaje.<\/p>\n\n\n\n<p>El caso qued\u00f3 en manos de la <strong>Unidad de Violencias Altamente Lesivas<\/strong> de la Fiscal\u00eda Regional Segunda, con intervenci\u00f3n del fiscal <strong>Franco Tassini<\/strong>.<\/p>\n\n\n\n<p>Por orden del fiscal, en la escena se realizaron peritajes criminal\u00edsticos, levantamiento de rastros y relevamiento de testimonios de vecinos. Adem\u00e1s, se dispuso el an\u00e1lisis de c\u00e1maras de seguridad p\u00fablicas y privadas en la zona para reconstruir los movimientos previos al ataque.<\/p>\n\n\n\n<p>Las tareas investigativas contin\u00faan bajo reserva para establecer la mec\u00e1nica y el m\u00f3vil del homicidio.<\/p>\n\n\n\n<p>Fuentes del caso confirmaron que <strong>Baini<\/strong> era retirado de la <strong>Prefectura Naval<\/strong> <strong>Argentina<\/strong>. Junto a su cuerpo fue hallada su arma reglamentaria.<\/p>\n\n\n\n<p>Por el momento no se informaron personas detenidas. La fiscal\u00eda trabaja para determinar si el crimen ocurri\u00f3 durante un viaje solicitado a trav\u00e9s de la aplicaci\u00f3n o si existi\u00f3 otro motivo detr\u00e1s del ataque.<\/p>\n\n\n\n<p>La investigaci\u00f3n contin\u00faa en curso mientras se analizan pruebas y registros que permitan identificar al autor del homicidio.<\/p>\n\n\n\n<p class=\"has-text-align-center\"><strong>Se trata del cuarto crimen del mes de marzo y el caso 16 desde el inicio de a\u00f1o en el departamento Rosario<\/strong><\/p>\n<div class=\"newspaper-x-tags\"><strong>TAGS: <\/strong><span><a href=\"https:\/\/www.rosarioalerta.com.ar\/site\/archivos\/tag\/noticias-de-rosario\" rel=\"tag\">Noticias de Rosario<\/a><\/span><a href=\"https:\/\/www.rosarioalerta.com.ar\/site\/archivos\/tag\/rosario\" rel=\"tag\">Rosario<\/a><\/span><a href=\"https:\/\/www.rosarioalerta.com.ar\/site\/archivos\/tag\/santa-fe\" rel=\"tag\">Santa Fe<\/a><\/span><a href=\"https:\/\/www.rosarioalerta.com.ar\/site\/archivos\/tag\/uber\" rel=\"tag\">Uber<\/a> <\/div>","protected":false},"excerpt":{"rendered":"<p>La v\u00edctima era un ex prefecto de 57 a\u00f1os Juan Carlos Baini fue hallado sin vida junto a su veh\u00edculo en la zona sur de Rosario. La Fiscal\u00eda investiga el hecho y busca reconstruir el \u00faltimo viaje que realiz\u00f3 antes del ataque. Un hombre fue asesinado a balazos en la ma\u00f1ana del s\u00e1bado &nbsp;en barrio [&hellip;]<\/p>\n","protected":false},"author":2,"featured_media":31498,"comment_status":"open","ping_status":"open","sticky":false,"template":"","format":"standard","meta":{"_joinchat":[],"footnotes":""},"categories":[15,6,21,14],"tags":[95,55,65,1462],"class_list":["post-31497","post","type-post","status-publish","format-standard","has-post-thumbnail","hentry","category-balaceras","category-homicidios","category-noticias","category-policiales","tag-noticias-de-rosario","tag-rosario","tag-santa-fe","tag-uber"],"_links":{"self":[{"href":"https:\/\/www.rosarioalerta.com.ar\/site\/wp-json\/wp\/v2\/posts\/31497","targetHints":{"allow":["GET"]}}],"collection":[{"href":"https:\/\/www.rosarioalerta.com.ar\/site\/wp-json\/wp\/v2\/posts"}],"about":[{"href":"https:\/\/www.rosarioalerta.com.ar\/site\/wp-json\/wp\/v2\/types\/post"}],"author":[{"embeddable":true,"href":"https:\/\/www.rosarioalerta.com.ar\/site\/wp-json\/wp\/v2\/users\/2"}],"replies":[{"embeddable":true,"href":"https:\/\/www.rosarioalerta.com.ar\/site\/wp-json\/wp\/v2\/comments?post=31497"}],"version-history":[{"count":2,"href":"https:\/\/www.rosarioalerta.com.ar\/site\/wp-json\/wp\/v2\/posts\/31497\/revisions"}],"predecessor-version":[{"id":31507,"href":"https:\/\/www.rosarioalerta.com.ar\/site\/wp-json\/wp\/v2\/posts\/31497\/revisions\/31507"}],"wp:featuredmedia":[{"embeddable":true,"href":"https:\/\/www.rosarioalerta.com.ar\/site\/wp-json\/wp\/v2\/media\/31498"}],"wp:attachment":[{"href":"https:\/\/www.rosarioalerta.com.ar\/site\/wp-json\/wp\/v2\/media?parent=31497"}],"wp:term":[{"taxonomy":"category","embeddable":true,"href":"https:\/\/www.rosarioalerta.com.ar\/site\/wp-json\/wp\/v2\/categories?post=31497"},{"taxonomy":"post_tag","embeddable":true,"href":"https:\/\/www.rosarioalerta.com.ar\/site\/wp-json\/wp\/v2\/tags?post=31497"}],"curies":[{"name":"wp","href":"https:\/\/api.w.org\/{rel}","templated":true}]}}