{"id":31492,"date":"2026-03-13T21:18:15","date_gmt":"2026-03-14T00:18:15","guid":{"rendered":"https:\/\/www.rosarioalerta.com.ar\/site\/?p=31492"},"modified":"2026-03-13T21:18:17","modified_gmt":"2026-03-14T00:18:17","slug":"destacan-el-avances-en-la-lucha-contra-narcotrafico-y-violencia-en-santa-fe","status":"publish","type":"post","link":"https:\/\/www.rosarioalerta.com.ar\/site\/archivos\/31492","title":{"rendered":"Destacan el avances en la lucha contra narcotr\u00e1fico y violencia en Santa Fe"},"content":{"rendered":"\n<p>Fue tras un encuentro de trabajo con fiscales y autoridades del Ministerio P\u00fablico de la Acusaci\u00f3n<\/p>\n\n\n\n<p><strong>Pullaro<\/strong> estuvo acompa\u00f1ado por el ministro de Justicia y Seguridad, <strong>Pablo Cococcioni, <\/strong>y se reuni\u00f3 con la fiscal General del MPA, <strong>Mar\u00eda Cecilia Vranicich, <\/strong>el fiscal Regional de Rosario, <strong>Mat\u00edas Merlo<\/strong> y el jefe de la Unidad Fiscal Especial de Microtr\u00e1fico, <strong>Franco Carbone<\/strong>. Durante la reuni\u00f3n, se analizaron los avances en la persecuci\u00f3n penal y el impacto de las pol\u00edticas de seguridad en la provincia.<\/p>\n\n\n\n<p>El gobernador record\u00f3 que al inicio de su gesti\u00f3n, el <strong>13 de marzo de 2023<\/strong>, Santa Fe <strong>registraba 112 homicidios<\/strong>. Tres a\u00f1os despu\u00e9s, la cifra descendi\u00f3 a <strong>22<\/strong>. Seg\u00fan <strong>Pullaro<\/strong>, estos resultados reflejan el trabajo coordinado entre fuerzas de seguridad y fiscales, con acciones dirigidas a enfrentar el tr\u00e1fico de estupefacientes y la violencia que generaba en distintos barrios y ciudades.<\/p>\n\n\n\n<p><strong><em>&nbsp;\u201cCuando comenzamos a gobernar esta provincia tomamos la decisi\u00f3n de luchar contra la violencia y el narcotr\u00e1fico en todas sus dimensiones\u201d,<\/em><\/strong> asegur\u00f3 <strong>Pullaro<\/strong>. Agreg\u00f3 que la pelea contin\u00faa d\u00eda a d\u00eda y que no se puede <strong><em>\u201cdar un mil\u00edmetro de ventaja\u201d.<\/em><\/strong> Los fiscales coincidieron en que las medidas implementadas han tenido un efecto positivo, pero remarcaron que la constancia y la coordinaci\u00f3n son claves para sostener los resultados.<\/p>\n\n\n\n<p>El encuentro se realiz\u00f3 en la Sede de Gobierno en Rosario y tambi\u00e9n participaron <strong>Carla Cerliani<\/strong>, fiscal de Coordinaci\u00f3n de Fiscales para la Gesti\u00f3n Estrat\u00e9gica y Persecuci\u00f3n Penal por Objetivos Priorizados. Las autoridades destacaron que la estrategia combina prevenci\u00f3n, control del microtr\u00e1fico y persecuci\u00f3n penal, con el objetivo de mantener la baja en homicidios y fortalecer la seguridad ciudadana.<\/p>\n<div class=\"newspaper-x-tags\"><strong>TAGS: <\/strong><span><a href=\"https:\/\/www.rosarioalerta.com.ar\/site\/archivos\/tag\/noticias-de-rosario\" rel=\"tag\">Noticias de Rosario<\/a><\/span><a href=\"https:\/\/www.rosarioalerta.com.ar\/site\/archivos\/tag\/rosario\" rel=\"tag\">Rosario<\/a><\/span><a href=\"https:\/\/www.rosarioalerta.com.ar\/site\/archivos\/tag\/santa-fe\" rel=\"tag\">Santa Fe<\/a> <\/div>","protected":false},"excerpt":{"rendered":"<p>Fue tras un encuentro de trabajo con fiscales y autoridades del Ministerio P\u00fablico de la Acusaci\u00f3n Pullaro estuvo acompa\u00f1ado por el ministro de Justicia y Seguridad, Pablo Cococcioni, y se reuni\u00f3 con la fiscal General del MPA, Mar\u00eda Cecilia Vranicich, el fiscal Regional de Rosario, Mat\u00edas Merlo y el jefe de la Unidad Fiscal Especial [&hellip;]<\/p>\n","protected":false},"author":2,"featured_media":31493,"comment_status":"open","ping_status":"open","sticky":false,"template":"","format":"standard","meta":{"_joinchat":[],"footnotes":""},"categories":[18,13,21],"tags":[95,55,65],"class_list":["post-31492","post","type-post","status-publish","format-standard","has-post-thumbnail","hentry","category-institucional","category-judiciales","category-noticias","tag-noticias-de-rosario","tag-rosario","tag-santa-fe"],"_links":{"self":[{"href":"https:\/\/www.rosarioalerta.com.ar\/site\/wp-json\/wp\/v2\/posts\/31492","targetHints":{"allow":["GET"]}}],"collection":[{"href":"https:\/\/www.rosarioalerta.com.ar\/site\/wp-json\/wp\/v2\/posts"}],"about":[{"href":"https:\/\/www.rosarioalerta.com.ar\/site\/wp-json\/wp\/v2\/types\/post"}],"author":[{"embeddable":true,"href":"https:\/\/www.rosarioalerta.com.ar\/site\/wp-json\/wp\/v2\/users\/2"}],"replies":[{"embeddable":true,"href":"https:\/\/www.rosarioalerta.com.ar\/site\/wp-json\/wp\/v2\/comments?post=31492"}],"version-history":[{"count":1,"href":"https:\/\/www.rosarioalerta.com.ar\/site\/wp-json\/wp\/v2\/posts\/31492\/revisions"}],"predecessor-version":[{"id":31494,"href":"https:\/\/www.rosarioalerta.com.ar\/site\/wp-json\/wp\/v2\/posts\/31492\/revisions\/31494"}],"wp:featuredmedia":[{"embeddable":true,"href":"https:\/\/www.rosarioalerta.com.ar\/site\/wp-json\/wp\/v2\/media\/31493"}],"wp:attachment":[{"href":"https:\/\/www.rosarioalerta.com.ar\/site\/wp-json\/wp\/v2\/media?parent=31492"}],"wp:term":[{"taxonomy":"category","embeddable":true,"href":"https:\/\/www.rosarioalerta.com.ar\/site\/wp-json\/wp\/v2\/categories?post=31492"},{"taxonomy":"post_tag","embeddable":true,"href":"https:\/\/www.rosarioalerta.com.ar\/site\/wp-json\/wp\/v2\/tags?post=31492"}],"curies":[{"name":"wp","href":"https:\/\/api.w.org\/{rel}","templated":true}]}}