{"id":31478,"date":"2026-03-13T17:47:40","date_gmt":"2026-03-13T20:47:40","guid":{"rendered":"https:\/\/www.rosarioalerta.com.ar\/site\/?p=31478"},"modified":"2026-03-13T17:47:42","modified_gmt":"2026-03-13T20:47:42","slug":"cae-un-sujeto-vinculado-a-dos-balaceras-y-un-robo","status":"publish","type":"post","link":"https:\/\/www.rosarioalerta.com.ar\/site\/archivos\/31478","title":{"rendered":"Cae un sujeto vinculado a dos balaceras y un robo"},"content":{"rendered":"\n<p>Tiene 30 a\u00f1os y fue detenido tras cinco allanamientos<\/p>\n\n\n\n<p>La <strong>Polic\u00eda de Investigaciones<\/strong> y grupos t\u00e1cticos realizaron m\u00faltiples procedimientos, secuestrando celulares y elementos vinculados a los hechos. En el procedimiento lograron aprehender a <strong>Isa\u00edas Gabriel M<\/strong> de 30 a\u00f1os, quien el jueves pasado en <strong>Villa Gobernador G\u00e1lvez<\/strong>, estar\u00eda vinculado a dos balaceras y un robo ocurridos el 8 de marzo. El primer hecho se registr\u00f3 en una vivienda de <strong>Crespo al 3200<\/strong>, donde desconocidos dispararon y sustrajeron un televisor de 43 pulgadas. Personal de la <strong>Comisar\u00eda 26\u00ba<\/strong> recuper\u00f3 el aparato a pocos metros, junto con una caja de cart\u00f3n y 25 municiones calibre 22.<\/p>\n\n\n\n<p>Horas m\u00e1s tarde, se produjo otro ataque con arma de fuego en <strong>Pasaje C al 3400<\/strong>. All\u00ed, una mujer declar\u00f3 que ten\u00eda relaci\u00f3n con la v\u00edctima del primer hecho. La <strong>Unidad de Violencias Altamente Lesivas<\/strong>, con la intervenci\u00f3n del fiscal <strong>Franco Tassini<\/strong>, coordin\u00f3 los allanamientos que permitieron detener al sospechoso y secuestrar seis tel\u00e9fonos de inter\u00e9s para la causa.<\/p>\n\n\n\n<figure class=\"wp-block-embed is-type-video is-provider-youtube wp-block-embed-youtube wp-embed-aspect-16-9 wp-has-aspect-ratio\"><div class=\"wp-block-embed__wrapper\">\n<div class=\"newspaper-x-video-container\"><iframe loading=\"lazy\" title=\"Cae un sujeto vinculado a dos balaceras y un robo\" width=\"750\" height=\"422\" src=\"https:\/\/www.youtube.com\/embed\/3i1hWFLPS3U?feature=oembed\" frameborder=\"0\" allow=\"accelerometer; autoplay; clipboard-write; encrypted-media; gyroscope; picture-in-picture; web-share\" referrerpolicy=\"strict-origin-when-cross-origin\" allowfullscreen><\/iframe><\/div>\n<\/div><\/figure>\n\n\n\n<p>Los procedimientos se realizaron de manera simult\u00e1nea en varios domicilios: <strong>Nahuel Huapi S\/N y Pasaje C, Granaderos a Caballo y Crespo, Pasaje C y Nahuel Huapi, Fornieles al 500 y Crespo y Pasaje A<\/strong>.<\/p>\n\n\n\n<p>La causa est\u00e1 a cargo de los fiscales del Ministerio P\u00fablico de la Acusaci\u00f3n, quienes recopilaron testimonios, secuestraron evidencia y analizaron registros telef\u00f3nicos. La investigaci\u00f3n apunta a esclarecer la vinculaci\u00f3n del detenido con los hechos y posibles responsables adicionales.<\/p>\n\n\n\n<p><strong>Isa\u00edas G.<\/strong> qued\u00f3 detenido a disposici\u00f3n de la Justicia mientras se realizan las actuaciones correspondientes. La investigaci\u00f3n contin\u00faa abierta y no se descartan nuevas medidas para determinar responsabilidades en ambos ataques.<\/p>\n<div class=\"newspaper-x-tags\"><strong>TAGS: <\/strong><span><a href=\"https:\/\/www.rosarioalerta.com.ar\/site\/archivos\/tag\/noticias-de-rosario\" rel=\"tag\">Noticias de Rosario<\/a><\/span><a href=\"https:\/\/www.rosarioalerta.com.ar\/site\/archivos\/tag\/noticias-de-vgg\" rel=\"tag\">Noticias de VGG<\/a><\/span><a href=\"https:\/\/www.rosarioalerta.com.ar\/site\/archivos\/tag\/rosario\" rel=\"tag\">Rosario<\/a><\/span><a href=\"https:\/\/www.rosarioalerta.com.ar\/site\/archivos\/tag\/santa-fe\" rel=\"tag\">Santa Fe<\/a><\/span><a href=\"https:\/\/www.rosarioalerta.com.ar\/site\/archivos\/tag\/vgg\" rel=\"tag\">VGG<\/a> <\/div>","protected":false},"excerpt":{"rendered":"<p>Tiene 30 a\u00f1os y fue detenido tras cinco allanamientos La Polic\u00eda de Investigaciones y grupos t\u00e1cticos realizaron m\u00faltiples procedimientos, secuestrando celulares y elementos vinculados a los hechos. En el procedimiento lograron aprehender a Isa\u00edas Gabriel M de 30 a\u00f1os, quien el jueves pasado en Villa Gobernador G\u00e1lvez, estar\u00eda vinculado a dos balaceras y un robo [&hellip;]<\/p>\n","protected":false},"author":2,"featured_media":31479,"comment_status":"open","ping_status":"open","sticky":false,"template":"","format":"standard","meta":{"_joinchat":[],"footnotes":""},"categories":[12,11,21,14],"tags":[95,94,55,65,60],"class_list":["post-31478","post","type-post","status-publish","format-standard","has-post-thumbnail","hentry","category-allanamientos","category-detenidos","category-noticias","category-policiales","tag-noticias-de-rosario","tag-noticias-de-vgg","tag-rosario","tag-santa-fe","tag-vgg"],"_links":{"self":[{"href":"https:\/\/www.rosarioalerta.com.ar\/site\/wp-json\/wp\/v2\/posts\/31478","targetHints":{"allow":["GET"]}}],"collection":[{"href":"https:\/\/www.rosarioalerta.com.ar\/site\/wp-json\/wp\/v2\/posts"}],"about":[{"href":"https:\/\/www.rosarioalerta.com.ar\/site\/wp-json\/wp\/v2\/types\/post"}],"author":[{"embeddable":true,"href":"https:\/\/www.rosarioalerta.com.ar\/site\/wp-json\/wp\/v2\/users\/2"}],"replies":[{"embeddable":true,"href":"https:\/\/www.rosarioalerta.com.ar\/site\/wp-json\/wp\/v2\/comments?post=31478"}],"version-history":[{"count":1,"href":"https:\/\/www.rosarioalerta.com.ar\/site\/wp-json\/wp\/v2\/posts\/31478\/revisions"}],"predecessor-version":[{"id":31480,"href":"https:\/\/www.rosarioalerta.com.ar\/site\/wp-json\/wp\/v2\/posts\/31478\/revisions\/31480"}],"wp:featuredmedia":[{"embeddable":true,"href":"https:\/\/www.rosarioalerta.com.ar\/site\/wp-json\/wp\/v2\/media\/31479"}],"wp:attachment":[{"href":"https:\/\/www.rosarioalerta.com.ar\/site\/wp-json\/wp\/v2\/media?parent=31478"}],"wp:term":[{"taxonomy":"category","embeddable":true,"href":"https:\/\/www.rosarioalerta.com.ar\/site\/wp-json\/wp\/v2\/categories?post=31478"},{"taxonomy":"post_tag","embeddable":true,"href":"https:\/\/www.rosarioalerta.com.ar\/site\/wp-json\/wp\/v2\/tags?post=31478"}],"curies":[{"name":"wp","href":"https:\/\/api.w.org\/{rel}","templated":true}]}}