{"id":31465,"date":"2026-03-12T20:24:24","date_gmt":"2026-03-12T23:24:24","guid":{"rendered":"https:\/\/www.rosarioalerta.com.ar\/site\/?p=31465"},"modified":"2026-03-12T20:24:28","modified_gmt":"2026-03-12T23:24:28","slug":"dos-adolescentes-demorados-con-un-revolver","status":"publish","type":"post","link":"https:\/\/www.rosarioalerta.com.ar\/site\/archivos\/31465","title":{"rendered":"Dos adolescentes demorados con un rev\u00f3lver"},"content":{"rendered":"\n<p>Fue tras un control policial durante un patrullaje preventivo<\/p>\n\n\n\n<p>Dos <strong>adolescentes de 16 y 17 a\u00f1os<\/strong> fueron demorados este martes al mediod\u00eda tras un control policial en la intersecci\u00f3n de <strong>Virasoro y Constituci\u00f3n,<\/strong> en la ciudad de Rosario. El procedimiento ocurri\u00f3 pasado este mediod\u00eda, cuando efectivos de la <strong>Brigada Motorizada<\/strong>, detectaron una actitud sospechosa durante tareas de patrullaje preventivo. Al requisar a uno de los j\u00f3venes, los agentes encontraron <strong>un rev\u00f3lver calibre 32<\/strong> con un cartucho en su tambor.<\/p>\n\n\n\n<p>Los menores de 17 y 16 a\u00f1os. Ambos quedaron a disposici\u00f3n de la Justicia tras el secuestro del arma.<\/p>\n\n\n\n<p>Seg\u00fan informaron fuentes policiales, el operativo comenz\u00f3 cuando los agentes observaron a los dos j\u00f3venes que caminaban por la zona. La patrulla decidi\u00f3 interceptarlos para realizar una identificaci\u00f3n de rutina.<\/p>\n\n\n\n<p>Durante la requisa de seguridad, los efectivos detectaron que uno de los adolescentes llevaba un arma de fuego oculta a la altura de la cintura. Se trataba de un rev\u00f3lver calibre 32 Long con un cartucho intacto.<\/p>\n\n\n\n<p>Ante esa situaci\u00f3n, los polic\u00edas procedieron a la demora de ambos j\u00f3venes y al secuestro inmediato del arma.<\/p>\n\n\n\n<p>El caso fue puesto en conocimiento del Juzgado de Menores de Rosario, que interviene en situaciones que involucran a personas menores de edad.<\/p>\n\n\n\n<p>La investigaci\u00f3n qued\u00f3 a cargo de la jueza Mariana Caratozzolo, quien deber\u00e1 determinar los pasos a seguir respecto de los adolescentes demorados y el origen del arma secuestrada.<\/p>\n\n\n\n<p>El operativo se enmarca en los patrullajes preventivos que la polic\u00eda realiza en distintos barrios de la ciudad con el objetivo de detectar situaciones sospechosas y prevenir delitos. Estos controles incluyen identificaci\u00f3n de personas y requisas de seguridad cuando existen indicios que lo justifican, como ocurri\u00f3 en este caso.<\/p>\n<div class=\"newspaper-x-tags\"><strong>TAGS: <\/strong><span><a href=\"https:\/\/www.rosarioalerta.com.ar\/site\/archivos\/tag\/noticias-de-rosario\" rel=\"tag\">Noticias de Rosario<\/a><\/span><a href=\"https:\/\/www.rosarioalerta.com.ar\/site\/archivos\/tag\/rosario\" rel=\"tag\">Rosario<\/a><\/span><a href=\"https:\/\/www.rosarioalerta.com.ar\/site\/archivos\/tag\/santa-fe\" rel=\"tag\">Santa Fe<\/a> <\/div>","protected":false},"excerpt":{"rendered":"<p>Fue tras un control policial durante un patrullaje preventivo Dos adolescentes de 16 y 17 a\u00f1os fueron demorados este martes al mediod\u00eda tras un control policial en la intersecci\u00f3n de Virasoro y Constituci\u00f3n, en la ciudad de Rosario. El procedimiento ocurri\u00f3 pasado este mediod\u00eda, cuando efectivos de la Brigada Motorizada, detectaron una actitud sospechosa durante [&hellip;]<\/p>\n","protected":false},"author":2,"featured_media":31466,"comment_status":"open","ping_status":"open","sticky":false,"template":"","format":"standard","meta":{"_joinchat":[],"footnotes":""},"categories":[11,21,14],"tags":[95,55,65],"class_list":["post-31465","post","type-post","status-publish","format-standard","has-post-thumbnail","hentry","category-detenidos","category-noticias","category-policiales","tag-noticias-de-rosario","tag-rosario","tag-santa-fe"],"_links":{"self":[{"href":"https:\/\/www.rosarioalerta.com.ar\/site\/wp-json\/wp\/v2\/posts\/31465","targetHints":{"allow":["GET"]}}],"collection":[{"href":"https:\/\/www.rosarioalerta.com.ar\/site\/wp-json\/wp\/v2\/posts"}],"about":[{"href":"https:\/\/www.rosarioalerta.com.ar\/site\/wp-json\/wp\/v2\/types\/post"}],"author":[{"embeddable":true,"href":"https:\/\/www.rosarioalerta.com.ar\/site\/wp-json\/wp\/v2\/users\/2"}],"replies":[{"embeddable":true,"href":"https:\/\/www.rosarioalerta.com.ar\/site\/wp-json\/wp\/v2\/comments?post=31465"}],"version-history":[{"count":1,"href":"https:\/\/www.rosarioalerta.com.ar\/site\/wp-json\/wp\/v2\/posts\/31465\/revisions"}],"predecessor-version":[{"id":31467,"href":"https:\/\/www.rosarioalerta.com.ar\/site\/wp-json\/wp\/v2\/posts\/31465\/revisions\/31467"}],"wp:featuredmedia":[{"embeddable":true,"href":"https:\/\/www.rosarioalerta.com.ar\/site\/wp-json\/wp\/v2\/media\/31466"}],"wp:attachment":[{"href":"https:\/\/www.rosarioalerta.com.ar\/site\/wp-json\/wp\/v2\/media?parent=31465"}],"wp:term":[{"taxonomy":"category","embeddable":true,"href":"https:\/\/www.rosarioalerta.com.ar\/site\/wp-json\/wp\/v2\/categories?post=31465"},{"taxonomy":"post_tag","embeddable":true,"href":"https:\/\/www.rosarioalerta.com.ar\/site\/wp-json\/wp\/v2\/tags?post=31465"}],"curies":[{"name":"wp","href":"https:\/\/api.w.org\/{rel}","templated":true}]}}