{"id":31462,"date":"2026-03-12T20:18:57","date_gmt":"2026-03-12T23:18:57","guid":{"rendered":"https:\/\/www.rosarioalerta.com.ar\/site\/?p=31462"},"modified":"2026-03-12T20:19:00","modified_gmt":"2026-03-12T23:19:00","slug":"vranicich-pidio-a-la-corte-que-respete-la-constitucion","status":"publish","type":"post","link":"https:\/\/www.rosarioalerta.com.ar\/site\/archivos\/31462","title":{"rendered":"Vranicich pidi\u00f3 a la Corte que respete la Constituci\u00f3n"},"content":{"rendered":"\n<p>La fiscal general del MPA reclam\u00f3 que se respete el destino de los edificios previstos para el Ministerio P\u00fablico<\/p>\n\n\n\n<p>La fiscal general del <strong>Ministerio P\u00fablico de la Acusaci\u00f3n<\/strong> (MPA), <strong>Mar\u00eda Cecilia Vranicich,<\/strong> cuestion\u00f3 este jueves declaraciones del presidente de la <strong>Corte Suprema de Justicia de Santa Fe<\/strong> sobre el destino del nuevo <strong>Centro de Justicia Penal <\/strong>que se construye en la ciudad de Santa Fe. La funcionaria sostuvo que parte del edificio pertenece al MPA y al Ministerio P\u00fablico de la Defensa y pidi\u00f3 a los ministros del tribunal que respeten lo establecido por la Constituci\u00f3n provincial.<\/p>\n\n\n\n<p>Las declaraciones <strong>se realizaron este 12 de Marzo<\/strong>, luego del acto de <strong>apertura del a\u00f1o judicial<\/strong>, donde <strong>Vranicich<\/strong> respondi\u00f3 consultas de periodistas sobre el conflicto institucional en torno al uso de inmuebles destinados al sistema acusatorio.<\/p>\n\n\n\n<p>El debate surgi\u00f3 tras manifestaciones del presidente de la Corte, <strong>Rafael Guti\u00e9rrez<\/strong>, quien indic\u00f3 que el edificio pr\u00f3ximo a finalizar corresponder\u00eda al Poder Judicial.<\/p>\n\n\n\n<p><strong>Vranicich<\/strong> afirm\u00f3 que el <strong>MPA<\/strong> ya respondi\u00f3 formalmente a esa posici\u00f3n y que espera una respuesta de los siete ministros del tribunal. Seg\u00fan explic\u00f3, la Constituci\u00f3n provincial establece en una cl\u00e1usula transitoria que los inmuebles ya asignados al Ministerio P\u00fablico no pueden cambiar su destino sin su consentimiento.<\/p>\n\n\n\n<p><strong><em>\u201cNosotros solamente le pedimos a la Corte que cumpla con la nueva Constituci\u00f3n\u201d,<\/em><\/strong> se\u00f1al\u00f3 la fiscal general al referirse al conflicto.<\/p>\n\n\n\n<p>La titular del <strong>MPA<\/strong> sostuvo que el espacio destinado al organismo existe \u201c<strong><em>desde la g\u00e9nesis<\/em><\/strong>\u201d del proyecto del <strong>Centro de Justicia Penal<\/strong>. En ese sentido, asegur\u00f3 que ya se hab\u00edan iniciado procesos administrativos vinculados al uso de esas instalaciones.<\/p>\n\n\n\n<p>Entre ellos mencion\u00f3 una licitaci\u00f3n abierta en 2024 para instalar redes de internet y electricidad en sectores que ocupar\u00eda el organismo, correspondientes al cuarto y quinto piso y al subsuelo del edificio.<\/p>\n\n\n\n<p>Ese proceso, indic\u00f3, qued\u00f3 suspendido cuando se detuvo la ejecuci\u00f3n de la obra por motivos externos al Ministerio P\u00fablico.<\/p>\n\n\n\n<p>Durante el di\u00e1logo con la prensa, <strong>Vranicich<\/strong> compar\u00f3 la relaci\u00f3n institucional entre el <strong>Poder Judicial y el Ministerio P\u00fablico<\/strong> con un \u201c<strong><em>divorcio<\/em><\/strong>\u201d, en referencia a la separaci\u00f3n de funciones establecida por el sistema acusatorio.<\/p>\n\n\n\n<p>La fiscal sostuvo que, pese a las diferencias, el <strong>MPA<\/strong> apuesta al di\u00e1logo con la Corte. Sin embargo, cuestion\u00f3 que el tribunal haya tomado decisiones sobre el destino del edificio antes de abrir una instancia de negociaci\u00f3n.<\/p>\n\n\n\n<p>El debate tambi\u00e9n alcanza a otros edificios judiciales en la provincia. <strong>Vranicich<\/strong> mencion\u00f3, por ejemplo, el <strong>Centro de Justicia Penal<\/strong> que est\u00e1 pr\u00f3ximo a inaugurarse en <strong>Casilda<\/strong>, cuyo destino tambi\u00e9n forma parte de las discusiones institucionales.<\/p>\n\n\n\n<p>Seg\u00fan explic\u00f3, el <strong>MPA<\/strong> no firmar\u00e1 convenios que otorguen solo una \u201cposesi\u00f3n precaria\u201d del inmueble, ya que consideran que el espacio ya fue asignado al organismo.<\/p>\n\n\n\n<p>La fiscal general se\u00f1al\u00f3 que el Ministerio P\u00fablico mantiene abierta la v\u00eda de di\u00e1logo con la Corte provincial, aunque no descart\u00f3 acudir a instancias superiores si no se alcanza un acuerdo.<\/p>\n\n\n\n<p><strong><em>\u201cEstamos convencidos de que hay que defender la institucionalidad del Ministerio P\u00fablico y el cumplimiento de la Constituci\u00f3n\u201d,<\/em><\/strong> afirm\u00f3.<\/p>\n<div class=\"newspaper-x-tags\"><strong>TAGS: <\/strong><span><a href=\"https:\/\/www.rosarioalerta.com.ar\/site\/archivos\/tag\/maria-cecilia-vranicich\" rel=\"tag\">Mar\u00eda Cecilia Vranicich<\/a><\/span><a href=\"https:\/\/www.rosarioalerta.com.ar\/site\/archivos\/tag\/noticias-de-rosario\" rel=\"tag\">Noticias de Rosario<\/a><\/span><a href=\"https:\/\/www.rosarioalerta.com.ar\/site\/archivos\/tag\/rosario\" rel=\"tag\">Rosario<\/a><\/span><a href=\"https:\/\/www.rosarioalerta.com.ar\/site\/archivos\/tag\/santa-fe\" rel=\"tag\">Santa Fe<\/a> <\/div>","protected":false},"excerpt":{"rendered":"<p>La fiscal general del MPA reclam\u00f3 que se respete el destino de los edificios previstos para el Ministerio P\u00fablico La fiscal general del Ministerio P\u00fablico de la Acusaci\u00f3n (MPA), Mar\u00eda Cecilia Vranicich, cuestion\u00f3 este jueves declaraciones del presidente de la Corte Suprema de Justicia de Santa Fe sobre el destino del nuevo Centro de Justicia [&hellip;]<\/p>\n","protected":false},"author":2,"featured_media":31463,"comment_status":"open","ping_status":"open","sticky":false,"template":"","format":"standard","meta":{"_joinchat":[],"footnotes":""},"categories":[18,13,21],"tags":[1880,95,55,65],"class_list":["post-31462","post","type-post","status-publish","format-standard","has-post-thumbnail","hentry","category-institucional","category-judiciales","category-noticias","tag-maria-cecilia-vranicich","tag-noticias-de-rosario","tag-rosario","tag-santa-fe"],"_links":{"self":[{"href":"https:\/\/www.rosarioalerta.com.ar\/site\/wp-json\/wp\/v2\/posts\/31462","targetHints":{"allow":["GET"]}}],"collection":[{"href":"https:\/\/www.rosarioalerta.com.ar\/site\/wp-json\/wp\/v2\/posts"}],"about":[{"href":"https:\/\/www.rosarioalerta.com.ar\/site\/wp-json\/wp\/v2\/types\/post"}],"author":[{"embeddable":true,"href":"https:\/\/www.rosarioalerta.com.ar\/site\/wp-json\/wp\/v2\/users\/2"}],"replies":[{"embeddable":true,"href":"https:\/\/www.rosarioalerta.com.ar\/site\/wp-json\/wp\/v2\/comments?post=31462"}],"version-history":[{"count":1,"href":"https:\/\/www.rosarioalerta.com.ar\/site\/wp-json\/wp\/v2\/posts\/31462\/revisions"}],"predecessor-version":[{"id":31464,"href":"https:\/\/www.rosarioalerta.com.ar\/site\/wp-json\/wp\/v2\/posts\/31462\/revisions\/31464"}],"wp:featuredmedia":[{"embeddable":true,"href":"https:\/\/www.rosarioalerta.com.ar\/site\/wp-json\/wp\/v2\/media\/31463"}],"wp:attachment":[{"href":"https:\/\/www.rosarioalerta.com.ar\/site\/wp-json\/wp\/v2\/media?parent=31462"}],"wp:term":[{"taxonomy":"category","embeddable":true,"href":"https:\/\/www.rosarioalerta.com.ar\/site\/wp-json\/wp\/v2\/categories?post=31462"},{"taxonomy":"post_tag","embeddable":true,"href":"https:\/\/www.rosarioalerta.com.ar\/site\/wp-json\/wp\/v2\/tags?post=31462"}],"curies":[{"name":"wp","href":"https:\/\/api.w.org\/{rel}","templated":true}]}}