{"id":31450,"date":"2026-03-12T13:31:06","date_gmt":"2026-03-12T16:31:06","guid":{"rendered":"https:\/\/www.rosarioalerta.com.ar\/site\/?p=31450"},"modified":"2026-03-12T13:31:11","modified_gmt":"2026-03-12T16:31:11","slug":"los-custodios-de-las-armas-quedaron-tras-las-rejas","status":"publish","type":"post","link":"https:\/\/www.rosarioalerta.com.ar\/site\/archivos\/31450","title":{"rendered":"Los custodios de las armas quedaron tras las rejas"},"content":{"rendered":"\n<p>Se tratan de quienes merodeaban la zona donde encontraron las armas enterradas<\/p>\n\n\n\n<p>La Justicia orden\u00f3 la detenci\u00f3n de <strong>Lautaro Noriega y Rodrigo Cappelletti<\/strong>, investigados por integrar una organizaci\u00f3n criminal vinculada a armas y negocios inmobiliarios ilegales. La Justicia de Rosario dispuso la prisi\u00f3n preventiva efectiva para <strong>Noriega y Cappelletti<\/strong>, acusados de integrar una asociaci\u00f3n il\u00edcita dedicada a actividades delictivas. La medida fue dictada por la jueza de primera instancia <strong>Dra. Carrara<\/strong>, tras la audiencia imputativa realizada entre el mi\u00e9rcoles y el jueves. Seg\u00fan la Fiscal\u00eda, ambos <strong>cumpl\u00edan el rol de custodiar armas de fuego de la organizaci\u00f3n en un terreno de la localidad de Rold\u00e1n<\/strong> y participar en maniobras inmobiliarias ilegales.<\/p>\n\n\n\n<p>El caso es investigado por el fiscal <strong>Dr. Ignacio Hueso<\/strong>, de la Unidad de Violencias Altamente Lesivas, quien atribuy\u00f3 a los acusados el delito de asociaci\u00f3n il\u00edcita en car\u00e1cter de miembros.<\/p>\n\n\n\n<p>Durante la audiencia, la Fiscal\u00eda sostuvo que <strong>Rodrigo Cappelletti de 27 a\u00f1os<\/strong> y <strong>Lautaro Noriega 35,<\/strong> integraban una c\u00e9lula de \u201cLos Menores\u201d que operan en la regi\u00f3n<\/p>\n\n\n\n<p>Seg\u00fan la acusaci\u00f3n, el grupo estaba liderado por <strong>Lisandro \u201cLim\u00f3n\u201d Contreras, <\/strong>quien presuntamente ordenaba la comisi\u00f3n de hechos violentos a cambio de dinero y coordinaba distintas actividades ilegales para financiar la estructura. Entre esas maniobras se mencionan apuestas y juegos clandestinos, estafas vinculadas a la venta de terrenos, creaci\u00f3n de sociedades ficticias e inversiones en criptomonedas con dinero de origen il\u00edcito.<\/p>\n\n\n\n<p>Los investigadores indicaron que el rol de <strong>Cappelletti y Noriega<\/strong> era <strong>custodiar armas de fuego <\/strong>pertenecientes a la organizaci\u00f3n. Ese armamento se <strong>encontraba enterrado o escondido en un terreno ubicado en Rold\u00e1n.<\/strong><\/p>\n\n\n\n<p>El predio, seg\u00fan la investigaci\u00f3n, figura a nombre de una persona conocida como \u201c<strong>El Gordo Enzo<\/strong>\u201d, quien permanece pr\u00f3fugo y tiene pedido de captura activo.<\/p>\n\n\n\n<p>Adem\u00e1s, los fiscales se\u00f1alaron que ambos imputados manten\u00edan v\u00ednculos con operaciones inmobiliarias irregulares, relacionadas con la venta de terrenos y viviendas sin la documentaci\u00f3n legal correspondiente.<\/p>\n\n\n\n<p>El fiscal <strong>Hueso<\/strong> expuso que la c\u00e9lula investigada (Los Menores) ten\u00eda una estructura organizada y jerarquizada, con roles definidos para sostener las actividades delictivas. De acuerdo con la acusaci\u00f3n, los organizadores del grupo ser\u00edan <strong>Jonatan G., Fernando C<\/strong>. y otra persona que actualmente se encuentra pr\u00f3fuga.<\/p>\n\n\n\n<p>Dentro de la investigaci\u00f3n tambi\u00e9n se analiza el origen de las armas secuestradas. Una de las hip\u00f3tesis indica que podr\u00edan estar vinculadas a <strong>\u201cLim\u00f3n\u201d Contreras<\/strong>, actualmente detenido por su presunta pertenencia a la banda conocida como <strong>Los Menores<\/strong>, a la espera de juicio.<\/p>\n\n\n\n<p>Con la resoluci\u00f3n judicial, <strong>Noriega y Cappelletti<\/strong> permanecer\u00e1n detenidos con prisi\u00f3n preventiva por el plazo de ley, mientras la Fiscal\u00eda contin\u00faa profundizando la investigaci\u00f3n para determinar el alcance de la organizaci\u00f3n y localizar a los pr\u00f3fugos vinculados al caso.<\/p>\n<div class=\"newspaper-x-tags\"><strong>TAGS: <\/strong><span><a href=\"https:\/\/www.rosarioalerta.com.ar\/site\/archivos\/tag\/los-menores\" rel=\"tag\">Los Menores<\/a><\/span><a href=\"https:\/\/www.rosarioalerta.com.ar\/site\/archivos\/tag\/noticias-de-rosario\" rel=\"tag\">Noticias de Rosario<\/a><\/span><a href=\"https:\/\/www.rosarioalerta.com.ar\/site\/archivos\/tag\/rosario\" rel=\"tag\">Rosario<\/a><\/span><a href=\"https:\/\/www.rosarioalerta.com.ar\/site\/archivos\/tag\/santa-fe\" rel=\"tag\">Santa Fe<\/a> <\/div>","protected":false},"excerpt":{"rendered":"<p>Se tratan de quienes merodeaban la zona donde encontraron las armas enterradas La Justicia orden\u00f3 la detenci\u00f3n de Lautaro Noriega y Rodrigo Cappelletti, investigados por integrar una organizaci\u00f3n criminal vinculada a armas y negocios inmobiliarios ilegales. La Justicia de Rosario dispuso la prisi\u00f3n preventiva efectiva para Noriega y Cappelletti, acusados de integrar una asociaci\u00f3n il\u00edcita [&hellip;]<\/p>\n","protected":false},"author":2,"featured_media":31451,"comment_status":"open","ping_status":"open","sticky":false,"template":"","format":"standard","meta":{"_joinchat":[],"footnotes":""},"categories":[11,13,21],"tags":[1110,95,55,65],"class_list":["post-31450","post","type-post","status-publish","format-standard","has-post-thumbnail","hentry","category-detenidos","category-judiciales","category-noticias","tag-los-menores","tag-noticias-de-rosario","tag-rosario","tag-santa-fe"],"_links":{"self":[{"href":"https:\/\/www.rosarioalerta.com.ar\/site\/wp-json\/wp\/v2\/posts\/31450","targetHints":{"allow":["GET"]}}],"collection":[{"href":"https:\/\/www.rosarioalerta.com.ar\/site\/wp-json\/wp\/v2\/posts"}],"about":[{"href":"https:\/\/www.rosarioalerta.com.ar\/site\/wp-json\/wp\/v2\/types\/post"}],"author":[{"embeddable":true,"href":"https:\/\/www.rosarioalerta.com.ar\/site\/wp-json\/wp\/v2\/users\/2"}],"replies":[{"embeddable":true,"href":"https:\/\/www.rosarioalerta.com.ar\/site\/wp-json\/wp\/v2\/comments?post=31450"}],"version-history":[{"count":1,"href":"https:\/\/www.rosarioalerta.com.ar\/site\/wp-json\/wp\/v2\/posts\/31450\/revisions"}],"predecessor-version":[{"id":31452,"href":"https:\/\/www.rosarioalerta.com.ar\/site\/wp-json\/wp\/v2\/posts\/31450\/revisions\/31452"}],"wp:featuredmedia":[{"embeddable":true,"href":"https:\/\/www.rosarioalerta.com.ar\/site\/wp-json\/wp\/v2\/media\/31451"}],"wp:attachment":[{"href":"https:\/\/www.rosarioalerta.com.ar\/site\/wp-json\/wp\/v2\/media?parent=31450"}],"wp:term":[{"taxonomy":"category","embeddable":true,"href":"https:\/\/www.rosarioalerta.com.ar\/site\/wp-json\/wp\/v2\/categories?post=31450"},{"taxonomy":"post_tag","embeddable":true,"href":"https:\/\/www.rosarioalerta.com.ar\/site\/wp-json\/wp\/v2\/tags?post=31450"}],"curies":[{"name":"wp","href":"https:\/\/api.w.org\/{rel}","templated":true}]}}