{"id":31436,"date":"2026-03-11T17:02:30","date_gmt":"2026-03-11T20:02:30","guid":{"rendered":"https:\/\/www.rosarioalerta.com.ar\/site\/?p=31436"},"modified":"2026-03-11T17:02:34","modified_gmt":"2026-03-11T20:02:34","slug":"condenan-a-policias-por-vejaciones-y-torturas-en-barrio-belgrano","status":"publish","type":"post","link":"https:\/\/www.rosarioalerta.com.ar\/site\/archivos\/31436","title":{"rendered":"Condenan a polic\u00edas por vejaciones y torturas en Barrio Belgrano"},"content":{"rendered":"\n<p>Dictaron penas de hasta cuatro a\u00f1os de prisi\u00f3n contra una docena de polic\u00edas por un procedimiento ocurrido en 2018<\/p>\n\n\n\n<p>Este mi\u00e9rcoles, en la sala 10 del Centro de Justicia Penal de Rosario, el tribunal integrado por los jueces <strong>Florentino Malaponte, Fernando Sosa y Gonzalo L\u00f3pez Quintana<\/strong> condenaron a varios polic\u00edas por apremios ilegales, vejaciones y delitos vinculados al accionar policial durante un procedimiento ocurrido el 23 de marzo de 2018 en la zona de <strong>Avenida Provincias Unidas y Mendoza, de Barrio Belgrano.<\/strong><\/p>\n\n\n\n<p>La investigaci\u00f3n estuvo a cargo de la fiscal <strong>Karina Bartocci<\/strong>, quien sostuvo que el operativo policial contra siete j\u00f3venes que estaban reunidos en la plaza conocida como \u201c<strong>las cuatro plazas<\/strong>\u201d deriv\u00f3 en agresiones f\u00edsicas, amenazas, disparos con escopeta antitumulto y detenciones irregulares.<\/p>\n\n\n\n<p>Seg\u00fan la acusaci\u00f3n, el hecho ocurri\u00f3 cerca de las 4 de la madrugada del 23 de marzo de 2018, cuando seis hombres y una mujer de entre 21 y 24 a\u00f1os conversaban en un banco de la plaza.<\/p>\n\n\n\n<p>Dos de ellos se dirigieron a un kiosco cercano en motocicleta y advirtieron que un patrullero los segu\u00eda con las luces apagadas y sin dar la voz de alto. Al regresar al lugar donde estaban sus amigos comenzaron a arribar varios m\u00f3viles policiales.<\/p>\n\n\n\n<p>De acuerdo a la reconstrucci\u00f3n fiscal, los agentes ordenaron a los j\u00f3venes apoyarse contra el patrullero para requisarlos sin fundamento legal. En ese contexto, una mujer fue tomada del cabello y subida por la fuerza a un m\u00f3vil policial.<\/p>\n\n\n\n<p>Durante el mismo procedimiento, otro joven recibi\u00f3 un culatazo en la frente y golpes mientras intentaba pedir explicaciones.<\/p>\n\n\n\n<p>La investigaci\u00f3n determin\u00f3 que uno de los j\u00f3venes comenz\u00f3 a correr hacia <strong>Provincias Unidas<\/strong>. En ese momento, la agente <strong>Erica Denis<\/strong> dispar\u00f3 con una escopeta antitumulto y lo hiri\u00f3 en la pantorrilla izquierda.<\/p>\n\n\n\n<p>El joven corri\u00f3 varias cuadras hasta llegar a <strong>Marcos Paz al 6700<\/strong>, donde finalmente fue reducido por los agentes.<\/p>\n\n\n\n<p>All\u00ed, seg\u00fan la acusaci\u00f3n fiscal, <strong>Roberto Salinas, Diego Ojeda y Sergio Romero<\/strong> lo golpearon mientras se encontraba en el suelo. El ataque le provoc\u00f3 m\u00faltiples lesiones en rostro, torso y extremidades.<\/p>\n\n\n\n<p>Durante ese episodio tambi\u00e9n le cortaron parte del cabello mientras estaba reducido, un hecho que el tribunal consider\u00f3 vejatorio.<\/p>\n\n\n\n<p>Posteriormente, las v\u00edctimas fueron trasladadas en distintos m\u00f3viles policiales a la <strong>Comisar\u00eda 14\u00ba.<\/strong><\/p>\n\n\n\n<p>Seg\u00fan la acusaci\u00f3n, los seis hombres fueron llevados a un patio vidriado donde permanecieron esposados entre s\u00ed durante varias horas, obligados a permanecer de pie y en medio de insultos y burlas.<\/p>\n\n\n\n<p>En ese contexto, algunos agentes tomaron fotograf\u00edas con sus tel\u00e9fonos personales, mientras continuaban las amenazas.<\/p>\n\n\n\n<p>La joven fue llevada a un pasillo donde permaneci\u00f3 esposada contra una pared durante varias horas. Durante ese tiempo, denunci\u00f3 que fue insultada, fotografiada y que los agentes ajustaron las esposas provoc\u00e1ndole lesiones.<\/p>\n\n\n\n<p>Adem\u00e1s, al recuperar sus pertenencias, dos de los damnificados advirtieron la faltante de dinero de sus billeteras y la rotura de una tarjeta de cr\u00e9dito.<\/p>\n\n\n\n<p>La fiscal\u00eda tambi\u00e9n sostuvo que el acta policial redactada posteriormente inclu\u00eda informaci\u00f3n falsa, ya que indicaba que los j\u00f3venes hab\u00edan intentado escapar y que el herido se hab\u00eda lesionado al caer durante la fuga.<\/p>\n\n\n\n<p><strong>Tras el juicio oral, el tribunal resolvi\u00f3 condenar a:<\/strong><\/p>\n\n\n\n<p><strong>Roberto Salinas <\/strong>a 4 a\u00f1os de prisi\u00f3n e inhabilitaci\u00f3n para ejercer cargos policiales, adem\u00e1s de inhabilitaci\u00f3n absoluta por el doble del tiempo de la condena, por vejaciones agravadas por violencia, lesiones leves dolosas y falsedad ideol\u00f3gica de instrumento p\u00fablico agravada por su condici\u00f3n de funcionario p\u00fablico.<\/p>\n\n\n\n<p><strong>Santiago Morgan<\/strong> a 4 a\u00f1os de prisi\u00f3n e inhabilitaci\u00f3n en los mismos t\u00e9rminos por los mismos delitos.<\/p>\n\n\n\n<p><strong>Sergio Leonel Romero<\/strong> a 4 a\u00f1os de prisi\u00f3n efectiva e inhabilitaci\u00f3n por vejaciones agravadas y lesiones leves en calidad de coautor.<\/p>\n\n\n\n<p><strong>Diego Ojeda<\/strong> a 3 a\u00f1os y 6 meses de prisi\u00f3n e inhabilitaci\u00f3n por vejaciones agravadas y lesiones leves.<\/p>\n\n\n\n<p>El tribunal tambi\u00e9n <strong>dict\u00f3 penas de 3 a\u00f1os de prisi\u00f3n condicional<\/strong> con reglas de conducta por favorecimiento personal por omisi\u00f3n de denuncia agravado por la condici\u00f3n de funcionario p\u00fablico para:<\/p>\n\n\n\n<p><strong>Mar\u00eda Florencia Gorosito<\/strong><\/p>\n\n\n\n<p><strong>Adri\u00e1n Molina<\/strong><\/p>\n\n\n\n<p><strong>\u00c1ngel Avalos<\/strong><\/p>\n\n\n\n<p><strong>Agust\u00edn Ca\u00f1ete<\/strong><\/p>\n\n\n\n<p><strong>Nadia L\u00f3pez<\/strong><\/p>\n\n\n\n<p><strong>Cristian Nevares<\/strong><\/p>\n\n\n\n<p><strong>Alexis Cali<\/strong><\/p>\n\n\n\n<p><strong>Ileana Romero<\/strong><\/p>\n\n\n\n<p>Durante el proceso judicial tambi\u00e9n fueron absueltos por falta de pruebas o por aplicaci\u00f3n del beneficio de la duda los polic\u00edas: <strong>Erica Denis, Mariano Saavedra, Walter Duarte, Gast\u00f3n Farley, Ariel Godoy, Angela Garcia, Jes\u00fas Soria, Lucas Sanchez y Melina Lamanna,<\/strong> entre otros, respecto de distintos delitos investigados como apremios ilegales, incumplimiento de los deberes de funcionario p\u00fablico y falsificaci\u00f3n de documentos.<\/p>\n\n\n\n<p>El tribunal sostuvo que en esos casos no se alcanz\u00f3 el grado de certeza necesario para una condena penal. El juicio analiz\u00f3 un procedimiento que deriv\u00f3 en violencia f\u00edsica, amenazas, privaci\u00f3n ileg\u00edtima de la libertad y presuntas irregularidades en la documentaci\u00f3n policial.<\/p>\n\n\n\n<p>Para la fiscal\u00eda, el caso dej\u00f3 al descubierto abusos cometidos durante un operativo policial sin justificaci\u00f3n legal, as\u00ed como la omisi\u00f3n de varios agentes que presenciaron los hechos sin intervenir.<\/p>\n\n\n\n<p>Con la lectura del veredicto, el juicio qued\u00f3 formalmente finalizado tras casi ocho a\u00f1os desde los hechos ocurridos en <strong>Barrio Belgrano<\/strong>, aunque las partes a\u00fan pueden presentar recursos de apelaci\u00f3n ante instancias superiores.<\/p>\n<div class=\"newspaper-x-tags\"><strong>TAGS: <\/strong><span><a href=\"https:\/\/www.rosarioalerta.com.ar\/site\/archivos\/tag\/noticias-de-rosario\" rel=\"tag\">Noticias de Rosario<\/a><\/span><a href=\"https:\/\/www.rosarioalerta.com.ar\/site\/archivos\/tag\/rosario\" rel=\"tag\">Rosario<\/a><\/span><a href=\"https:\/\/www.rosarioalerta.com.ar\/site\/archivos\/tag\/santa-fe\" rel=\"tag\">Santa Fe<\/a> <\/div>","protected":false},"excerpt":{"rendered":"<p>Dictaron penas de hasta cuatro a\u00f1os de prisi\u00f3n contra una docena de polic\u00edas por un procedimiento ocurrido en 2018 Este mi\u00e9rcoles, en la sala 10 del Centro de Justicia Penal de Rosario, el tribunal integrado por los jueces Florentino Malaponte, Fernando Sosa y Gonzalo L\u00f3pez Quintana condenaron a varios polic\u00edas por apremios ilegales, vejaciones y [&hellip;]<\/p>\n","protected":false},"author":2,"featured_media":31437,"comment_status":"open","ping_status":"open","sticky":false,"template":"","format":"standard","meta":{"_joinchat":[],"footnotes":""},"categories":[13,21,14],"tags":[95,55,65],"class_list":["post-31436","post","type-post","status-publish","format-standard","has-post-thumbnail","hentry","category-judiciales","category-noticias","category-policiales","tag-noticias-de-rosario","tag-rosario","tag-santa-fe"],"_links":{"self":[{"href":"https:\/\/www.rosarioalerta.com.ar\/site\/wp-json\/wp\/v2\/posts\/31436","targetHints":{"allow":["GET"]}}],"collection":[{"href":"https:\/\/www.rosarioalerta.com.ar\/site\/wp-json\/wp\/v2\/posts"}],"about":[{"href":"https:\/\/www.rosarioalerta.com.ar\/site\/wp-json\/wp\/v2\/types\/post"}],"author":[{"embeddable":true,"href":"https:\/\/www.rosarioalerta.com.ar\/site\/wp-json\/wp\/v2\/users\/2"}],"replies":[{"embeddable":true,"href":"https:\/\/www.rosarioalerta.com.ar\/site\/wp-json\/wp\/v2\/comments?post=31436"}],"version-history":[{"count":1,"href":"https:\/\/www.rosarioalerta.com.ar\/site\/wp-json\/wp\/v2\/posts\/31436\/revisions"}],"predecessor-version":[{"id":31438,"href":"https:\/\/www.rosarioalerta.com.ar\/site\/wp-json\/wp\/v2\/posts\/31436\/revisions\/31438"}],"wp:featuredmedia":[{"embeddable":true,"href":"https:\/\/www.rosarioalerta.com.ar\/site\/wp-json\/wp\/v2\/media\/31437"}],"wp:attachment":[{"href":"https:\/\/www.rosarioalerta.com.ar\/site\/wp-json\/wp\/v2\/media?parent=31436"}],"wp:term":[{"taxonomy":"category","embeddable":true,"href":"https:\/\/www.rosarioalerta.com.ar\/site\/wp-json\/wp\/v2\/categories?post=31436"},{"taxonomy":"post_tag","embeddable":true,"href":"https:\/\/www.rosarioalerta.com.ar\/site\/wp-json\/wp\/v2\/tags?post=31436"}],"curies":[{"name":"wp","href":"https:\/\/api.w.org\/{rel}","templated":true}]}}