{"id":31424,"date":"2026-03-11T13:03:36","date_gmt":"2026-03-11T16:03:36","guid":{"rendered":"https:\/\/www.rosarioalerta.com.ar\/site\/?p=31424"},"modified":"2026-03-11T13:03:41","modified_gmt":"2026-03-11T16:03:41","slug":"detuvieron-a-un-profugo-vinculado-a-los-monos-y-los-menores","status":"publish","type":"post","link":"https:\/\/www.rosarioalerta.com.ar\/site\/archivos\/31424","title":{"rendered":"Detuvieron a un pr\u00f3fugo vinculado a \u201cLos Monos\u201d y \u201cLos Menores\u201d"},"content":{"rendered":"\n<p>El sospechoso era investigado por narcotr\u00e1fico, balaceras y homicidios<\/p>\n\n\n\n<p>Un pr\u00f3fugo de la Justicia vinculado a las organizaciones criminales <strong>Los Monos y Los Menores <\/strong>fue detenido en <strong>Rosario<\/strong> por efectivos de la <strong>Polic\u00eda Federal Argentina<\/strong>. El procedimiento se realiz\u00f3 en las \u00faltimas horas en una vivienda del <strong>barrio San Francisquito<\/strong>.<\/p>\n\n\n\n<p>El operativo se concret\u00f3 tras una investigaci\u00f3n del Departamento Federal de Investigaciones. El sospechoso estaba acusado de integrar una estructura dedicada al narcotr\u00e1fico y a la violencia armada en distintos sectores de la ciudad.<\/p>\n\n\n\n<p>La causa es impulsada por la Unidad Fiscal de Investigaci\u00f3n del Ministerio P\u00fablico de la Acusaci\u00f3n de Rosario, a cargo del fiscal <strong>Alejandro Ferlazzo<\/strong>. La investigaci\u00f3n comenz\u00f3 a principios del mes pasado con tareas de inteligencia realizadas en el <strong>barrio San Francisquito<\/strong>.<\/p>\n\n\n\n<p>Durante ese proceso, la Divisi\u00f3n Unidad Operativa de Investigaciones Especiales Rosario reuni\u00f3 datos sobre una red criminal que operaba en la zona.<\/p>\n\n\n\n<p>Con esa informaci\u00f3n, la Justicia autoriz\u00f3 once allanamientos que terminaron con la detenci\u00f3n de ocho personas y el secuestro de elementos de inter\u00e9s para la causa. Sin embargo, uno de los principales investigados logr\u00f3 escapar y permanec\u00eda pr\u00f3fugo.<\/p>\n\n\n\n<p>De acuerdo con la pesquisa, el sospechoso liderar\u00eda una banda vinculada a hechos de extrema violencia y a la comercializaci\u00f3n de estupefacientes.<\/p>\n\n\n\n<p>Seg\u00fan los investigadores, tambi\u00e9n habr\u00eda participado en homicidios y balaceras contra viviendas. Esos ataques ten\u00edan como objetivo intimidar a los ocupantes para forzarlos a abandonar los inmuebles y as\u00ed instalar nuevos puntos de venta de droga.<\/p>\n\n\n\n<p>Tras diversas tareas de seguimiento, los agentes lograron ubicar un domicilio en <strong>Amen\u00e1bar al 3900<\/strong> donde se ocultaba el pr\u00f3fugo. Con las pruebas reunidas, el Colegio de Jueces de Primera Instancia del Distrito Judicial N\u00ba2 de Rosario, a cargo de Federico Martin R\u00e9bola, orden\u00f3 el allanamiento del lugar.<\/p>\n\n\n\n<p>Durante el procedimiento, los agentes detuvieron al sospechoso y secuestraron tres celulares que ser\u00e1n peritados.<\/p>\n\n\n\n<p>En el lugar tambi\u00e9n se encontraba una mujer vinculada a la organizaci\u00f3n criminal, quien fue detenida tras una consulta con la fiscal\u00eda interviniente.<\/p>\n\n\n\n<p>Ambos detenidos, quedaron a disposici\u00f3n de la Justicia. La investigaci\u00f3n contin\u00faa bajo cargos de infracci\u00f3n a la ley de drogas y homicidio agravado.<\/p>\n\n\n\n<p>Las autoridades buscan determinar el alcance de la estructura criminal y su relaci\u00f3n con otros hechos violentos registrados en Rosario en los \u00faltimos meses.<\/p>\n<div class=\"newspaper-x-tags\"><strong>TAGS: <\/strong><span><a href=\"https:\/\/www.rosarioalerta.com.ar\/site\/archivos\/tag\/noticias-de-rosario\" rel=\"tag\">Noticias de Rosario<\/a><\/span><a href=\"https:\/\/www.rosarioalerta.com.ar\/site\/archivos\/tag\/rosario\" rel=\"tag\">Rosario<\/a><\/span><a href=\"https:\/\/www.rosarioalerta.com.ar\/site\/archivos\/tag\/santa-fe\" rel=\"tag\">Santa Fe<\/a> <\/div>","protected":false},"excerpt":{"rendered":"<p>El sospechoso era investigado por narcotr\u00e1fico, balaceras y homicidios Un pr\u00f3fugo de la Justicia vinculado a las organizaciones criminales Los Monos y Los Menores fue detenido en Rosario por efectivos de la Polic\u00eda Federal Argentina. El procedimiento se realiz\u00f3 en las \u00faltimas horas en una vivienda del barrio San Francisquito. El operativo se concret\u00f3 tras [&hellip;]<\/p>\n","protected":false},"author":2,"featured_media":31425,"comment_status":"open","ping_status":"open","sticky":false,"template":"","format":"standard","meta":{"_joinchat":[],"footnotes":""},"categories":[12,11,21,14],"tags":[95,55,65],"class_list":["post-31424","post","type-post","status-publish","format-standard","has-post-thumbnail","hentry","category-allanamientos","category-detenidos","category-noticias","category-policiales","tag-noticias-de-rosario","tag-rosario","tag-santa-fe"],"_links":{"self":[{"href":"https:\/\/www.rosarioalerta.com.ar\/site\/wp-json\/wp\/v2\/posts\/31424","targetHints":{"allow":["GET"]}}],"collection":[{"href":"https:\/\/www.rosarioalerta.com.ar\/site\/wp-json\/wp\/v2\/posts"}],"about":[{"href":"https:\/\/www.rosarioalerta.com.ar\/site\/wp-json\/wp\/v2\/types\/post"}],"author":[{"embeddable":true,"href":"https:\/\/www.rosarioalerta.com.ar\/site\/wp-json\/wp\/v2\/users\/2"}],"replies":[{"embeddable":true,"href":"https:\/\/www.rosarioalerta.com.ar\/site\/wp-json\/wp\/v2\/comments?post=31424"}],"version-history":[{"count":1,"href":"https:\/\/www.rosarioalerta.com.ar\/site\/wp-json\/wp\/v2\/posts\/31424\/revisions"}],"predecessor-version":[{"id":31426,"href":"https:\/\/www.rosarioalerta.com.ar\/site\/wp-json\/wp\/v2\/posts\/31424\/revisions\/31426"}],"wp:featuredmedia":[{"embeddable":true,"href":"https:\/\/www.rosarioalerta.com.ar\/site\/wp-json\/wp\/v2\/media\/31425"}],"wp:attachment":[{"href":"https:\/\/www.rosarioalerta.com.ar\/site\/wp-json\/wp\/v2\/media?parent=31424"}],"wp:term":[{"taxonomy":"category","embeddable":true,"href":"https:\/\/www.rosarioalerta.com.ar\/site\/wp-json\/wp\/v2\/categories?post=31424"},{"taxonomy":"post_tag","embeddable":true,"href":"https:\/\/www.rosarioalerta.com.ar\/site\/wp-json\/wp\/v2\/tags?post=31424"}],"curies":[{"name":"wp","href":"https:\/\/api.w.org\/{rel}","templated":true}]}}