{"id":31411,"date":"2026-03-10T22:28:39","date_gmt":"2026-03-11T01:28:39","guid":{"rendered":"https:\/\/www.rosarioalerta.com.ar\/site\/?p=31411"},"modified":"2026-03-10T22:28:54","modified_gmt":"2026-03-11T01:28:54","slug":"hallan-una-replica-de-arma-y-cuchillos","status":"publish","type":"post","link":"https:\/\/www.rosarioalerta.com.ar\/site\/archivos\/31411","title":{"rendered":"Hallan una r\u00e9plica de arma y cuchillos"},"content":{"rendered":"\n<p>Fue dentro de una caja en una escuela de Rosario<\/p>\n\n\n\n<p>El hallazgo ocurri\u00f3 durante tareas de limpieza en un establecimiento educativo. Las autoridades confirmaron que el arma encontrada era una r\u00e9plica y se investiga desde cu\u00e1ndo estaba en el lugar. El hecho ocurri\u00f3 alrededor cerca del mediod\u00eda en el edificio de la <strong>Escuela General Las Heras N\u00b0 434,<\/strong> ubicado en <strong>Falucho al 200 bis<\/strong>. Tras la intervenci\u00f3n policial, se confirm\u00f3 que el arma no era real, aunque se investiga el origen de los elementos y cu\u00e1nto tiempo permanecieron en el lugar.<\/p>\n\n\n\n<p>El descubrimiento se produjo cuando la directora del establecimiento realizaba tareas de limpieza y orden dentro de la instituci\u00f3n, actividad que llevaba adelante al ser reciente su incorporaci\u00f3n al cargo. Mientras revisaba uno de los armarios del edificio, encontr\u00f3 una caja negra que conten\u00eda lo que parec\u00eda ser un arma de fuego junto a varios cuchillos.<\/p>\n\n\n\n<p>Efectivos que patrullaban la zona acudieron al lugar tras recibir el aviso y realizaron la verificaci\u00f3n correspondiente. Luego de inspeccionar los elementos, confirmaron que el arma encontrada era una r\u00e9plica, aunque igualmente se procedi\u00f3 a su resguardo junto con los otros objetos hallados en la caja.<\/p>\n\n\n\n<p>Seg\u00fan indicaron fuentes policiales, no se pudo establecer en el momento desde cu\u00e1ndo esos elementos se encontraban dentro del armario del establecimiento educativo.<\/p>\n\n\n\n<p>El hecho qued\u00f3 bajo an\u00e1lisis para determinar c\u00f3mo llegaron esos objetos al interior de la escuela y si tienen relaci\u00f3n con alg\u00fan hecho previo.<\/p>\n\n\n\n<p>Momentos m\u00e1s tarde, en <strong>Juan Jos\u00e9 Paso y Chaco<\/strong>, un hombre sufri\u00f3 la amputaci\u00f3n de una pierna tras un siniestro ferroviario. La v\u00edctima fue encontrada sobre las v\u00edas con una grave lesi\u00f3n y trasladada de urgencia al <strong>Hospital de Emergencias Clemente \u00c1lvarez<\/strong>.<\/p>\n\n\n\n<p>Un hombre de 32 a\u00f1os result\u00f3 gravemente herido tras un siniestro ferroviario ocurrido este martes en horas despu\u00e9s del mediod\u00eda sobre las v\u00edas de <strong>Juan Jos\u00e9 Paso y Chaco<\/strong> donde personal policial encontr\u00f3 a la v\u00edctima tendida sobre las v\u00edas f\u00e9rreas con una lesi\u00f3n traum\u00e1tica severa.<\/p>\n\n\n\n<p>El alerta lleg\u00f3 a trav\u00e9s de la <strong>Central de Emergencias del 911<\/strong>, que inform\u00f3 sobre la presencia de una persona herida en la zona de las v\u00edas.<\/p>\n\n\n\n<p>Al arribar al lugar, efectivos del Comando Radioel\u00e9ctrico realizaron un rastrillaje a pie siguiendo indicaciones de vecinos y lograron localizar al hombre sobre los rieles. La v\u00edctima fue identificada como <strong>Mart\u00edn Gabriel F de 32 a\u00f1os <\/strong>y personal del<strong> SIES <\/strong>constat\u00f3 que el hombre presentaba amputaci\u00f3n traum\u00e1tica de su pierna izquierda, siendo trasladado al <strong>HECA, <\/strong>donde fue sometido a una intervenci\u00f3n quir\u00fargica.<\/p>\n\n\n\n<figure class=\"wp-block-image size-large\"><img loading=\"lazy\" decoding=\"async\" width=\"1024\" height=\"576\" src=\"https:\/\/www.rosarioalerta.com.ar\/site\/wp-content\/uploads\/2026\/03\/choque-1-1-1024x576.jpg\" alt=\"\" class=\"wp-image-31413\" srcset=\"https:\/\/www.rosarioalerta.com.ar\/site\/wp-content\/uploads\/2026\/03\/choque-1-1-1024x576.jpg 1024w, https:\/\/www.rosarioalerta.com.ar\/site\/wp-content\/uploads\/2026\/03\/choque-1-1-300x169.jpg 300w, https:\/\/www.rosarioalerta.com.ar\/site\/wp-content\/uploads\/2026\/03\/choque-1-1-768x432.jpg 768w, https:\/\/www.rosarioalerta.com.ar\/site\/wp-content\/uploads\/2026\/03\/choque-1-1-1536x864.jpg 1536w, https:\/\/www.rosarioalerta.com.ar\/site\/wp-content\/uploads\/2026\/03\/choque-1-1.jpg 1920w\" sizes=\"auto, (max-width: 1024px) 100vw, 1024px\" \/><\/figure>\n\n\n\n<p>Luego del rescate, los efectivos preservaron el \u00e1rea del hecho y dieron aviso a los peritos de la <strong>Polic\u00eda de Investigaciones<\/strong> (PDI). El objetivo es establecer las circunstancias en las que ocurri\u00f3 el siniestro ferroviario, ya que al momento no se determinaron las causas que llevaron a que la v\u00edctima terminara sobre las v\u00edas.<\/p>\n\n\n\n<p>Las actuaciones contin\u00faan mientras se recaban testimonios y evidencias en el lugar.<\/p>\n<div class=\"newspaper-x-tags\"><strong>TAGS: <\/strong><span><a href=\"https:\/\/www.rosarioalerta.com.ar\/site\/archivos\/tag\/noticias-de-rosario\" rel=\"tag\">Noticias de Rosario<\/a><\/span><a href=\"https:\/\/www.rosarioalerta.com.ar\/site\/archivos\/tag\/rosario\" rel=\"tag\">Rosario<\/a><\/span><a href=\"https:\/\/www.rosarioalerta.com.ar\/site\/archivos\/tag\/santa-fe\" rel=\"tag\">Santa Fe<\/a> <\/div>","protected":false},"excerpt":{"rendered":"<p>Fue dentro de una caja en una escuela de Rosario El hallazgo ocurri\u00f3 durante tareas de limpieza en un establecimiento educativo. Las autoridades confirmaron que el arma encontrada era una r\u00e9plica y se investiga desde cu\u00e1ndo estaba en el lugar. El hecho ocurri\u00f3 alrededor cerca del mediod\u00eda en el edificio de la Escuela General Las [&hellip;]<\/p>\n","protected":false},"author":2,"featured_media":31412,"comment_status":"open","ping_status":"open","sticky":false,"template":"","format":"standard","meta":{"_joinchat":[],"footnotes":""},"categories":[21,14,10],"tags":[95,55,65],"class_list":["post-31411","post","type-post","status-publish","format-standard","has-post-thumbnail","hentry","category-noticias","category-policiales","category-siniestros-viales","tag-noticias-de-rosario","tag-rosario","tag-santa-fe"],"_links":{"self":[{"href":"https:\/\/www.rosarioalerta.com.ar\/site\/wp-json\/wp\/v2\/posts\/31411","targetHints":{"allow":["GET"]}}],"collection":[{"href":"https:\/\/www.rosarioalerta.com.ar\/site\/wp-json\/wp\/v2\/posts"}],"about":[{"href":"https:\/\/www.rosarioalerta.com.ar\/site\/wp-json\/wp\/v2\/types\/post"}],"author":[{"embeddable":true,"href":"https:\/\/www.rosarioalerta.com.ar\/site\/wp-json\/wp\/v2\/users\/2"}],"replies":[{"embeddable":true,"href":"https:\/\/www.rosarioalerta.com.ar\/site\/wp-json\/wp\/v2\/comments?post=31411"}],"version-history":[{"count":1,"href":"https:\/\/www.rosarioalerta.com.ar\/site\/wp-json\/wp\/v2\/posts\/31411\/revisions"}],"predecessor-version":[{"id":31414,"href":"https:\/\/www.rosarioalerta.com.ar\/site\/wp-json\/wp\/v2\/posts\/31411\/revisions\/31414"}],"wp:featuredmedia":[{"embeddable":true,"href":"https:\/\/www.rosarioalerta.com.ar\/site\/wp-json\/wp\/v2\/media\/31412"}],"wp:attachment":[{"href":"https:\/\/www.rosarioalerta.com.ar\/site\/wp-json\/wp\/v2\/media?parent=31411"}],"wp:term":[{"taxonomy":"category","embeddable":true,"href":"https:\/\/www.rosarioalerta.com.ar\/site\/wp-json\/wp\/v2\/categories?post=31411"},{"taxonomy":"post_tag","embeddable":true,"href":"https:\/\/www.rosarioalerta.com.ar\/site\/wp-json\/wp\/v2\/tags?post=31411"}],"curies":[{"name":"wp","href":"https:\/\/api.w.org\/{rel}","templated":true}]}}