{"id":31398,"date":"2026-03-10T13:45:36","date_gmt":"2026-03-10T16:45:36","guid":{"rendered":"https:\/\/www.rosarioalerta.com.ar\/site\/?p=31398"},"modified":"2026-03-10T13:45:47","modified_gmt":"2026-03-10T16:45:47","slug":"tragedia-en-la-autopista-con-dos-fallecidos","status":"publish","type":"post","link":"https:\/\/www.rosarioalerta.com.ar\/site\/archivos\/31398","title":{"rendered":"Tragedia en la autopista, con dos fallecidos"},"content":{"rendered":"\n<p>Un choque fatal entre un transporte penitenciario y una camioneta<\/p>\n\n\n\n<p>Dos personas perdieron la vida este martes tras una violenta colisi\u00f3n en la <strong>Autopista Rosario-Santa Fe, en el km 45 entre Maciel y Oliveros<\/strong>. El siniestro dej\u00f3 adem\u00e1s <strong>ocho heridos de diversa gravedad<\/strong>, algunos de los cuales fueron trasladados de urgencia en helic\u00f3ptero sanitario.<\/p>\n\n\n\n<p>Un choque frontal o por alcance de gran magnitud tuvo lugar cerca de las 11 de este martes en la <strong>Autopista Rosario-Santa Fe<\/strong>. El siniestro involucr\u00f3 a una camioneta particular y a un micro de <strong>Laguna Paiva<\/strong> que trasladaba personal del <strong>Servicio Penitenciario<\/strong>. Producto del impacto, fallecieron dos personas \u2014<strong>un ocupante de cada veh\u00edculo<\/strong>\u2014 y ocho pacientes resultaron con heridas de distinta consideraci\u00f3n, de las cuales se sabe hasta el momento que tres de estas fueron derivadas en c\u00f3digo rojo (1 mujer de 25 a\u00f1os al HECA en helic\u00f3ptero y dos al Eva Per\u00f3n)<\/p>\n\n\n\n<figure class=\"wp-block-embed is-type-video is-provider-youtube wp-block-embed-youtube wp-embed-aspect-16-9 wp-has-aspect-ratio\"><div class=\"wp-block-embed__wrapper\">\n<div class=\"newspaper-x-video-container\"><iframe loading=\"lazy\" title=\"Tragedia en la autopista, con dos fallecidos\" width=\"750\" height=\"422\" src=\"https:\/\/www.youtube.com\/embed\/Rv_UI_AOvF4?feature=oembed\" frameborder=\"0\" allow=\"accelerometer; autoplay; clipboard-write; encrypted-media; gyroscope; picture-in-picture; web-share\" referrerpolicy=\"strict-origin-when-cross-origin\" allowfullscreen><\/iframe><\/div>\n<\/div><\/figure>\n\n\n\n<p>Otras tres en c\u00f3digo amarillo al Hospital Granaderos a Caballos de San Lorenzo y los dos restantes al Eva Per\u00f3n, fuera de peligro<\/p>\n\n\n\n<p>El impacto se produjo a plena luz del d\u00eda en condiciones que a\u00fan son materia de peritaje. La violencia del choque fue tal que ambos veh\u00edculos quedaron severamente da\u00f1ados, obligando a los bomberos zapadores y voluntarios a realizar tareas de extracci\u00f3n para liberar a las personas atrapadas.<\/p>\n\n\n\n<p>En el operativo de emergencia particip\u00f3 el sistema de salud 107, coordinando traslados terrestres y a\u00e9reos. Uno de los heridos, con politraumatismo severo, fue derivado al <strong>Hospital de Emergencias Clemente \u00c1lvarez<\/strong> (HECA) mediante un helic\u00f3ptero sanitario debido a la urgencia de su cuadro.<\/p>\n\n\n\n<p>Personal de criminal\u00edstica se encuentra trabajando en el kil\u00f3metro 45 del siniestro para realizar el relevamiento de huellas y la cinem\u00e1tica del hecho. <strong><em>&#8220;Estamos esperando que los peritos terminen su labor para poder habilitar el tramo de la autopista&#8221;,<\/em><\/strong> explic\u00f3 <strong>Marco Escajadillo<\/strong> secretario de <strong>Protecci\u00f3n Civil<\/strong>.<\/p>\n\n\n\n<p>Hasta el momento, no se ha confirmado la participaci\u00f3n de un tercer veh\u00edculo, aunque los investigadores analizan las c\u00e1maras de seguridad de la zona. Se busca determinar si una maniobra externa pudo desencadenar el fatal desenlace en una zona de alta velocidad y un cruce de carril por parte de la camioneta, tras la descompensaci\u00f3n del conductor<\/p>\n\n\n\n<p>Las autoridades provinciales se hicieron presentes en el lugar para coordinar la asistencia. <strong>Lucia Masneri<\/strong>, secretaria de Asuntos Penitenciarios, junto a <strong>Omar Pereyra<\/strong> secretario de Seguridad, supervisaron el operativo y el estado de salud del personal oficial involucrado.<\/p>\n\n\n\n<p><strong><em>&#8220;Privilegiamos siempre primero la integridad y la salud de las personas&#8221;,<\/em><\/strong> destac\u00f3 Escajadillo, respecto a la rapidez de la activaci\u00f3n de los servicios de emergencia. Las autoridades pidieron prudencia y respeto hacia los familiares de las v\u00edctimas mientras se completan las identificaciones.<\/p>\n\n\n\n<p>La Autopista Rosario-Santa Fe es una de las arterias con mayor flujo de transporte de la provincia. El tr\u00e1nsito en el carril hacia Rosario permanece restringido, generando importantes demoras. Se recomienda a los conductores utilizar desv\u00edos por la <strong>Ruta Nacional 11<\/strong>. El estado de los <strong>ocho heridos<\/strong> es seguido de cerca por el Ministerio de Salud. Algunos pacientes permanecen en observaci\u00f3n en hospitales de San Lorenzo y Granadero Baigorria con pron\u00f3stico reservado, mientras que los fallecidos ser\u00e1n trasladados al <strong>Instituto M\u00e9dico Legal<\/strong><\/p>\n<div class=\"newspaper-x-tags\"><strong>TAGS: <\/strong><span><a href=\"https:\/\/www.rosarioalerta.com.ar\/site\/archivos\/tag\/noticias-de-rosario\" rel=\"tag\">Noticias de Rosario<\/a><\/span><a href=\"https:\/\/www.rosarioalerta.com.ar\/site\/archivos\/tag\/rosario\" rel=\"tag\">Rosario<\/a><\/span><a href=\"https:\/\/www.rosarioalerta.com.ar\/site\/archivos\/tag\/santa-fe\" rel=\"tag\">Santa Fe<\/a> <\/div>","protected":false},"excerpt":{"rendered":"<p>Un choque fatal entre un transporte penitenciario y una camioneta Dos personas perdieron la vida este martes tras una violenta colisi\u00f3n en la Autopista Rosario-Santa Fe, en el km 45 entre Maciel y Oliveros. El siniestro dej\u00f3 adem\u00e1s ocho heridos de diversa gravedad, algunos de los cuales fueron trasladados de urgencia en helic\u00f3ptero sanitario. Un [&hellip;]<\/p>\n","protected":false},"author":2,"featured_media":31399,"comment_status":"open","ping_status":"open","sticky":false,"template":"","format":"standard","meta":{"_joinchat":[],"footnotes":""},"categories":[17,21,14,10],"tags":[95,55,65],"class_list":["post-31398","post","type-post","status-publish","format-standard","has-post-thumbnail","hentry","category-heridos","category-noticias","category-policiales","category-siniestros-viales","tag-noticias-de-rosario","tag-rosario","tag-santa-fe"],"_links":{"self":[{"href":"https:\/\/www.rosarioalerta.com.ar\/site\/wp-json\/wp\/v2\/posts\/31398","targetHints":{"allow":["GET"]}}],"collection":[{"href":"https:\/\/www.rosarioalerta.com.ar\/site\/wp-json\/wp\/v2\/posts"}],"about":[{"href":"https:\/\/www.rosarioalerta.com.ar\/site\/wp-json\/wp\/v2\/types\/post"}],"author":[{"embeddable":true,"href":"https:\/\/www.rosarioalerta.com.ar\/site\/wp-json\/wp\/v2\/users\/2"}],"replies":[{"embeddable":true,"href":"https:\/\/www.rosarioalerta.com.ar\/site\/wp-json\/wp\/v2\/comments?post=31398"}],"version-history":[{"count":1,"href":"https:\/\/www.rosarioalerta.com.ar\/site\/wp-json\/wp\/v2\/posts\/31398\/revisions"}],"predecessor-version":[{"id":31400,"href":"https:\/\/www.rosarioalerta.com.ar\/site\/wp-json\/wp\/v2\/posts\/31398\/revisions\/31400"}],"wp:featuredmedia":[{"embeddable":true,"href":"https:\/\/www.rosarioalerta.com.ar\/site\/wp-json\/wp\/v2\/media\/31399"}],"wp:attachment":[{"href":"https:\/\/www.rosarioalerta.com.ar\/site\/wp-json\/wp\/v2\/media?parent=31398"}],"wp:term":[{"taxonomy":"category","embeddable":true,"href":"https:\/\/www.rosarioalerta.com.ar\/site\/wp-json\/wp\/v2\/categories?post=31398"},{"taxonomy":"post_tag","embeddable":true,"href":"https:\/\/www.rosarioalerta.com.ar\/site\/wp-json\/wp\/v2\/tags?post=31398"}],"curies":[{"name":"wp","href":"https:\/\/api.w.org\/{rel}","templated":true}]}}