{"id":31395,"date":"2026-03-10T12:28:29","date_gmt":"2026-03-10T15:28:29","guid":{"rendered":"https:\/\/www.rosarioalerta.com.ar\/site\/?p=31395"},"modified":"2026-03-10T12:28:33","modified_gmt":"2026-03-10T15:28:33","slug":"microtrafico-y-bunkers","status":"publish","type":"post","link":"https:\/\/www.rosarioalerta.com.ar\/site\/archivos\/31395","title":{"rendered":"Microtr\u00e1fico y b\u00fankers"},"content":{"rendered":"\n<p>Advierten que fallos judiciales pueden impactar en la seguridad en Rosario<\/p>\n\n\n\n<p>El fiscal regional <strong>Mat\u00edas Merlo<\/strong> cuestion\u00f3 resoluciones de la <strong>C\u00e1mara Penal<\/strong> que limitan la <strong>persecuci\u00f3n del narcomenudeo<\/strong>. Asegur\u00f3 que podr\u00edan afectar la lucha contra la violencia en los barrios.<\/p>\n\n\n\n<p>El <strong>fiscal regional de Rosario, Mat\u00edas Merlo<\/strong>, advirti\u00f3 que resoluciones recientes de la <strong>C\u00e1mara Penal<\/strong> que cuestionan la competencia provincial para investigar el <strong>microtr\u00e1fico<\/strong> podr\u00edan afectar la seguridad p\u00fablica. Lo afirm\u00f3 este martes durante una entrevista con el periodista <strong>Hern\u00e1n Funes<\/strong> en el programa <strong>Radioinforme3<\/strong> de <strong>Cadena 3 Rosario<\/strong>, donde se\u00f1al\u00f3 que limitar esas investigaciones podr\u00eda derivar en m\u00e1s homicidios y balaceras en los barrios.<\/p>\n\n\n\n<p>El planteo surge en un contexto en el que la provincia ya derrib\u00f3 m\u00e1s de <strong>100 b\u00fankers de droga<\/strong> desde la implementaci\u00f3n de la ley de narcomenudeo aprobada por la Legislatura santafesina en diciembre de 2023, impulsada por el gobierno del gobernador <strong>Maximiliano Pullaro<\/strong>.<\/p>\n\n\n\n<p><strong>C\u00f3mo funciona la persecuci\u00f3n del microtr\u00e1fico<\/strong><\/p>\n\n\n\n<p>Seg\u00fan explic\u00f3 <strong>Merlo<\/strong>, la estrategia del <strong>Ministerio P\u00fablico de la Acusaci\u00f3n<\/strong> apunta no solo al punto de venta de droga, sino tambi\u00e9n a quienes administran esos espacios y generan violencia en los barrios.<\/p>\n\n\n\n<p>El fiscal se\u00f1al\u00f3 que la persecuci\u00f3n del <strong>microtr\u00e1fico<\/strong> est\u00e1 directamente vinculada con la investigaci\u00f3n de homicidios, heridos por armas de fuego y balaceras. En ese marco, destac\u00f3 que el trabajo se realiza de manera coordinada con la <strong>Justicia Federal<\/strong>.<\/p>\n\n\n\n<p><strong><em>\u201cNosotros trabajamos en el territorio y la Fiscal\u00eda Federal investiga un escal\u00f3n m\u00e1s arriba, lo que tiene que ver con el narcotr\u00e1fico y las cadenas de distribuci\u00f3n\u201d<\/em><\/strong>, explic\u00f3.<\/p>\n\n\n\n<p><strong>Merlo<\/strong> cuestion\u00f3 resoluciones de camaristas de Rosario que pusieron en duda la competencia provincial para investigar delitos vinculados al narcomenudeo.<\/p>\n\n\n\n<p>Seg\u00fan indic\u00f3, esta situaci\u00f3n genera preocupaci\u00f3n dentro del Ministerio P\u00fablico de la Acusaci\u00f3n porque podr\u00eda limitar herramientas clave en la lucha contra la violencia en los barrios.<\/p>\n\n\n\n<p><strong><em>\u201cSi nos quitan la herramienta del microtr\u00e1fico, nos est\u00e1n quitando un instrumento esencial para bajar los hechos de violencia altamente lesivos\u201d,<\/em><\/strong> sostuvo <strong>Merlo<\/strong> durante la entrevista radial.<\/p>\n\n\n\n<p>En ese contexto, el juez federal <strong>Eduardo Rodrigues Da Cruz<\/strong> rechaz\u00f3 una resoluci\u00f3n de la <strong>C\u00e1mara Penal<\/strong> y la calific\u00f3 como \u201c<strong><em>incorrecta y arbitraria<\/em><\/strong>\u201d. Adem\u00e1s, envi\u00f3 copias del fallo a la <strong>Corte Suprema de Justicia de Santa Fe <\/strong>para que tome conocimiento de la situaci\u00f3n.<\/p>\n\n\n\n<p>El magistrado devolvi\u00f3 las actuaciones al fuero provincial, lo que reaviv\u00f3 el debate sobre las competencias en la investigaci\u00f3n de estos delitos.<\/p>\n\n\n\n<p>Entre los camaristas que emitieron resoluciones con cuestionamientos a la competencia sobre el microtr\u00e1fico se encuentran <strong>Javier Beltramone<\/strong>, <strong>Guillermo Llaudet Maza, Carolina Hern\u00e1ndez, Viviana Alonso y Tom\u00e1s Orso, <\/strong>seg\u00fan fuentes judiciales.<\/p>\n\n\n\n<p>Desde la implementaci\u00f3n de la ley de narcomenudeo en Santa Fe, la provincia avanz\u00f3 con operativos que <strong>permitieron derribar m\u00e1s de 100 b\u00fankers de venta de droga<\/strong>, principalmente en Rosario.<\/p>\n\n\n\n<p>Seg\u00fan el Ministerio P\u00fablico, estas acciones forman parte de una estrategia que busca reducir los puntos de venta y, al mismo tiempo, disminuir la violencia vinculada al negocio del microtr\u00e1fico.<\/p>\n\n\n\n<p><strong>Merlo<\/strong> remarc\u00f3 que los resultados est\u00e1n vinculados a la coordinaci\u00f3n entre fiscales provinciales y federales, y advirti\u00f3 que cualquier limitaci\u00f3n a esas investigaciones podr\u00eda impactar en la seguridad de los barrios.<\/p>\n\n\n\n<p><strong><em>\u201cSi nos quitan esa competencia, vamos a volver a un Estado que no puede actuar frente a lo que pasa en el territorio\u201d,<\/em><\/strong> concluy\u00f3.<\/p>\n<div class=\"newspaper-x-tags\"><strong>TAGS: <\/strong><span><a href=\"https:\/\/www.rosarioalerta.com.ar\/site\/archivos\/tag\/cadena-3-rosario\" rel=\"tag\">Cadena 3 Rosario<\/a><\/span><a href=\"https:\/\/www.rosarioalerta.com.ar\/site\/archivos\/tag\/noticias-de-rosario\" rel=\"tag\">Noticias de Rosario<\/a><\/span><a href=\"https:\/\/www.rosarioalerta.com.ar\/site\/archivos\/tag\/rosario\" rel=\"tag\">Rosario<\/a><\/span><a href=\"https:\/\/www.rosarioalerta.com.ar\/site\/archivos\/tag\/santa-fe\" rel=\"tag\">Santa Fe<\/a> <\/div>","protected":false},"excerpt":{"rendered":"<p>Advierten que fallos judiciales pueden impactar en la seguridad en Rosario El fiscal regional Mat\u00edas Merlo cuestion\u00f3 resoluciones de la C\u00e1mara Penal que limitan la persecuci\u00f3n del narcomenudeo. Asegur\u00f3 que podr\u00edan afectar la lucha contra la violencia en los barrios. El fiscal regional de Rosario, Mat\u00edas Merlo, advirti\u00f3 que resoluciones recientes de la C\u00e1mara Penal [&hellip;]<\/p>\n","protected":false},"author":2,"featured_media":31396,"comment_status":"open","ping_status":"open","sticky":false,"template":"","format":"standard","meta":{"_joinchat":[],"footnotes":""},"categories":[18,494,21,14],"tags":[2024,95,55,65],"class_list":["post-31395","post","type-post","status-publish","format-standard","has-post-thumbnail","hentry","category-institucional","category-microtrafico","category-noticias","category-policiales","tag-cadena-3-rosario","tag-noticias-de-rosario","tag-rosario","tag-santa-fe"],"_links":{"self":[{"href":"https:\/\/www.rosarioalerta.com.ar\/site\/wp-json\/wp\/v2\/posts\/31395","targetHints":{"allow":["GET"]}}],"collection":[{"href":"https:\/\/www.rosarioalerta.com.ar\/site\/wp-json\/wp\/v2\/posts"}],"about":[{"href":"https:\/\/www.rosarioalerta.com.ar\/site\/wp-json\/wp\/v2\/types\/post"}],"author":[{"embeddable":true,"href":"https:\/\/www.rosarioalerta.com.ar\/site\/wp-json\/wp\/v2\/users\/2"}],"replies":[{"embeddable":true,"href":"https:\/\/www.rosarioalerta.com.ar\/site\/wp-json\/wp\/v2\/comments?post=31395"}],"version-history":[{"count":1,"href":"https:\/\/www.rosarioalerta.com.ar\/site\/wp-json\/wp\/v2\/posts\/31395\/revisions"}],"predecessor-version":[{"id":31397,"href":"https:\/\/www.rosarioalerta.com.ar\/site\/wp-json\/wp\/v2\/posts\/31395\/revisions\/31397"}],"wp:featuredmedia":[{"embeddable":true,"href":"https:\/\/www.rosarioalerta.com.ar\/site\/wp-json\/wp\/v2\/media\/31396"}],"wp:attachment":[{"href":"https:\/\/www.rosarioalerta.com.ar\/site\/wp-json\/wp\/v2\/media?parent=31395"}],"wp:term":[{"taxonomy":"category","embeddable":true,"href":"https:\/\/www.rosarioalerta.com.ar\/site\/wp-json\/wp\/v2\/categories?post=31395"},{"taxonomy":"post_tag","embeddable":true,"href":"https:\/\/www.rosarioalerta.com.ar\/site\/wp-json\/wp\/v2\/tags?post=31395"}],"curies":[{"name":"wp","href":"https:\/\/api.w.org\/{rel}","templated":true}]}}