{"id":31392,"date":"2026-03-10T12:12:11","date_gmt":"2026-03-10T15:12:11","guid":{"rendered":"https:\/\/www.rosarioalerta.com.ar\/site\/?p=31392"},"modified":"2026-03-10T12:12:34","modified_gmt":"2026-03-10T15:12:34","slug":"santa-fe-registra-la-cifra-mas-baja-de-muertes-violentas-de-mujeres-en-14-anos","status":"publish","type":"post","link":"https:\/\/www.rosarioalerta.com.ar\/site\/archivos\/31392","title":{"rendered":"Santa Fe registra la cifra m\u00e1s baja de muertes violentas de mujeres en 14 a\u00f1os"},"content":{"rendered":"\n<p>Un informe oficial del Gobierno provincial y el Ministerio P\u00fablico de la Acusaci\u00f3n revel\u00f3 que en 2025 se registraron 30 casos<\/p>\n\n\n\n<p>Durante 2025 se registraron 30 muertes violentas de mujeres en la provincia de Santa Fe, la cifra m\u00e1s baja en los \u00faltimos 14 a\u00f1os. El dato surge de un informe presentado este martes por el Gobierno provincial junto al Ministerio P\u00fablico de la Acusaci\u00f3n (MPA), que analiza los hechos ocurridos durante 2024 y 2025 para orientar pol\u00edticas de prevenci\u00f3n de la violencia de g\u00e9nero.<\/p>\n\n\n\n<p>El trabajo fue elaborado por el Observatorio de Seguridad P\u00fablica del Ministerio de Justicia y Seguridad, la Secretar\u00eda de Mujeres, G\u00e9nero y Diversidad del Ministerio de Igualdad y Desarrollo Humano y el Ministerio P\u00fablico de la Acusaci\u00f3n.<\/p>\n\n\n\n<p>De acuerdo con el informe, 18 de las 30 muertes violentas registradas en 2025 estuvieron vinculadas a razones de g\u00e9nero. Dentro de ese total se identificaron 16 femicidios y dos transfemicidios.<\/p>\n\n\n\n<p>Los casos se concentraron principalmente en los departamentos Rosario y La Capital. El 60 % ocurri\u00f3 en Rosario y el 40 % en la ciudad de Santa Fe.<\/p>\n\n\n\n<p>El an\u00e1lisis tambi\u00e9n indica que la mayor\u00eda de las v\u00edctimas ten\u00eda entre 20 y 40 a\u00f1os. En cuanto a los medios utilizados, las armas de fuego fueron el recurso m\u00e1s frecuente, seguidas por armas blancas y agresiones f\u00edsicas.<\/p>\n\n\n\n<p>La fiscal <strong>Carla Cerliani<\/strong>, integrante de la Coordinaci\u00f3n de Fiscales para la Gesti\u00f3n Estrat\u00e9gica y Persecuci\u00f3n Penal por Objetivos Priorizados de la Fiscal\u00eda General del MPA, explic\u00f3 que en la mayor\u00eda de los casos exist\u00eda alg\u00fan tipo de v\u00ednculo entre la v\u00edctima y el agresor.<\/p>\n\n\n\n<p>Seg\u00fan detall\u00f3, gran parte de los hechos ocurri\u00f3 dentro de domicilios particulares, lo que evidencia que la violencia de g\u00e9nero se manifiesta principalmente en entornos cercanos.<\/p>\n\n\n\n<p><strong>Cerliani<\/strong> tambi\u00e9n remarc\u00f3 que la sistematizaci\u00f3n de estos datos permite mejorar la investigaci\u00f3n y el abordaje judicial de los casos.<\/p>\n\n\n\n<p>Durante la presentaci\u00f3n del informe en la ciudad de Santa Fe, el ministro de Justicia y Seguridad <strong>Pablo Cococcioni<\/strong> se\u00f1al\u00f3 que la reducci\u00f3n de los niveles generales de violencia permiti\u00f3 observar con mayor claridad la dimensi\u00f3n de la violencia de g\u00e9nero.<\/p>\n\n\n\n<p>\u201cEl descenso en los indicadores de homicidios y lesiones con armas de fuego tambi\u00e9n permiti\u00f3 evidenciar con mayor precisi\u00f3n esta problem\u00e1tica dentro del conjunto de hechos violentos\u201d, explic\u00f3.<\/p>\n\n\n\n<p>Por su parte, la ministra de Igualdad y Desarrollo Humano <strong>Victoria Tejeda<\/strong> destac\u00f3 que los datos muestran una tendencia positiva, aunque subray\u00f3 la necesidad de profundizar las pol\u00edticas de prevenci\u00f3n.<\/p>\n\n\n\n<p>En la misma l\u00ednea, la secretaria de Mujeres, G\u00e9nero y Diversidad <strong>Andrea Travaini<\/strong> se\u00f1al\u00f3 que el informe tambi\u00e9n funciona como una herramienta de gesti\u00f3n para mejorar las pol\u00edticas p\u00fablicas.<\/p>\n\n\n\n<p>Las autoridades provinciales destacaron que actualmente funciona una guardia permanente las 24 horas durante todo el a\u00f1o, que articula las incidencias recibidas a trav\u00e9s de las l\u00edneas 911 y 144.<\/p>\n\n\n\n<p>Ese sistema permite coordinar la intervenci\u00f3n con gobiernos locales y organizaciones sociales para activar mecanismos de asistencia ante situaciones de riesgo.<\/p>\n\n\n\n<p>Seg\u00fan las autoridades, el an\u00e1lisis permanente de los datos y la articulaci\u00f3n institucional buscan fortalecer las pol\u00edticas de prevenci\u00f3n y protecci\u00f3n de mujeres en todo el territorio santafesino.<\/p>\n<div class=\"newspaper-x-tags\"><strong>TAGS: <\/strong><span><a href=\"https:\/\/www.rosarioalerta.com.ar\/site\/archivos\/tag\/noticias-de-rosario\" rel=\"tag\">Noticias de Rosario<\/a><\/span><a href=\"https:\/\/www.rosarioalerta.com.ar\/site\/archivos\/tag\/rosario\" rel=\"tag\">Rosario<\/a><\/span><a href=\"https:\/\/www.rosarioalerta.com.ar\/site\/archivos\/tag\/santa-fe\" rel=\"tag\">Santa Fe<\/a> <\/div>","protected":false},"excerpt":{"rendered":"<p>Un informe oficial del Gobierno provincial y el Ministerio P\u00fablico de la Acusaci\u00f3n revel\u00f3 que en 2025 se registraron 30 casos Durante 2025 se registraron 30 muertes violentas de mujeres en la provincia de Santa Fe, la cifra m\u00e1s baja en los \u00faltimos 14 a\u00f1os. El dato surge de un informe presentado este martes por [&hellip;]<\/p>\n","protected":false},"author":2,"featured_media":31393,"comment_status":"open","ping_status":"open","sticky":false,"template":"","format":"standard","meta":{"_joinchat":[],"footnotes":""},"categories":[7,352,21,14,51],"tags":[95,55,65],"class_list":["post-31392","post","type-post","status-publish","format-standard","has-post-thumbnail","hentry","category-delitos-sexuales","category-femicidio","category-noticias","category-policiales","category-violencia-de-genero","tag-noticias-de-rosario","tag-rosario","tag-santa-fe"],"_links":{"self":[{"href":"https:\/\/www.rosarioalerta.com.ar\/site\/wp-json\/wp\/v2\/posts\/31392","targetHints":{"allow":["GET"]}}],"collection":[{"href":"https:\/\/www.rosarioalerta.com.ar\/site\/wp-json\/wp\/v2\/posts"}],"about":[{"href":"https:\/\/www.rosarioalerta.com.ar\/site\/wp-json\/wp\/v2\/types\/post"}],"author":[{"embeddable":true,"href":"https:\/\/www.rosarioalerta.com.ar\/site\/wp-json\/wp\/v2\/users\/2"}],"replies":[{"embeddable":true,"href":"https:\/\/www.rosarioalerta.com.ar\/site\/wp-json\/wp\/v2\/comments?post=31392"}],"version-history":[{"count":1,"href":"https:\/\/www.rosarioalerta.com.ar\/site\/wp-json\/wp\/v2\/posts\/31392\/revisions"}],"predecessor-version":[{"id":31394,"href":"https:\/\/www.rosarioalerta.com.ar\/site\/wp-json\/wp\/v2\/posts\/31392\/revisions\/31394"}],"wp:featuredmedia":[{"embeddable":true,"href":"https:\/\/www.rosarioalerta.com.ar\/site\/wp-json\/wp\/v2\/media\/31393"}],"wp:attachment":[{"href":"https:\/\/www.rosarioalerta.com.ar\/site\/wp-json\/wp\/v2\/media?parent=31392"}],"wp:term":[{"taxonomy":"category","embeddable":true,"href":"https:\/\/www.rosarioalerta.com.ar\/site\/wp-json\/wp\/v2\/categories?post=31392"},{"taxonomy":"post_tag","embeddable":true,"href":"https:\/\/www.rosarioalerta.com.ar\/site\/wp-json\/wp\/v2\/tags?post=31392"}],"curies":[{"name":"wp","href":"https:\/\/api.w.org\/{rel}","templated":true}]}}