{"id":31387,"date":"2026-03-10T08:23:24","date_gmt":"2026-03-10T11:23:24","guid":{"rendered":"https:\/\/www.rosarioalerta.com.ar\/site\/?p=31387"},"modified":"2026-03-10T08:23:25","modified_gmt":"2026-03-10T11:23:25","slug":"detienen-a-cinco-hombres-y-secuestran-dos-armas-de-fuego","status":"publish","type":"post","link":"https:\/\/www.rosarioalerta.com.ar\/site\/archivos\/31387","title":{"rendered":"Detienen a cinco hombres y secuestran dos armas de fuego"},"content":{"rendered":"\n<p>Fue tras dos procedimientos policiales realizados en las \u00faltimas horas en Rosario<\/p>\n\n\n\n<p>Este lunes, personal del <strong>Comando Radioel\u00e9ctrico<\/strong> intervino tras un llamado por disturbios y amenazas con arma de fuego en la zona de <strong>French y Campbell<\/strong>. Seg\u00fan el testimonio de un hombre de 32 a\u00f1os, un grupo de personas lo amenaz\u00f3 con un arma que llevaban dentro de una mochila. Con los datos aportados por la v\u00edctima, los agentes localizaron a los sospechosos en <strong>Per\u00fa y De La Salle<\/strong>, donde finalmente fueron interceptados.<\/p>\n\n\n\n<p>Al advertir la presencia policial, los hombres intentaron ingresar a una vivienda y desobedecieron la voz de alto, pero fueron alcanzados por los uniformados. En el procedimiento fueron identificados <strong>Iv\u00e1n Alexis P Maximiliano S y Lautaro Alexis C.<\/strong><\/p>\n\n\n\n<p>Durante la requisa, los agentes encontraron una mochila gris que conten\u00eda un rev\u00f3lver calibre 38. El arma ten\u00eda cuatro cartuchos en su interior: dos de calibre 9 mm y dos calibre 380.<\/p>\n\n\n\n<p>Tras el hallazgo, los tres hombres fueron trasladados junto con el arma secuestrada a la <strong>Comisar\u00eda 12\u00ba<\/strong><\/p>\n\n\n\n<p>Horas despu\u00e9s, otro operativo en la zona de <strong>calle 1844 al 4300<\/strong>, tuvo lugar tras un llamado a la <strong>Central de Emergencias del 911<\/strong>, donde una mujer denunci\u00f3 a dos vecinos con un arma de fuego.<\/p>\n\n\n\n<p>La mujer se\u00f1al\u00f3 a <strong>Jonathan A. H. y Leonardo Ezequiel G<\/strong>. como los presuntos autores del hecho. Seg\u00fan relat\u00f3, ambos escaparon hacia el interior de una vivienda tras el episodio.<\/p>\n\n\n\n<p>Con las caracter\u00edsticas aportadas, los agentes localizaron a uno de los sospechosos en la v\u00eda p\u00fablica. Al identificarlo, confirmaron que se trataba de <strong>Jonathan A. H<\/strong>, quien registraba un pedido de captura activo.<\/p>\n\n\n\n<p>Durante el procedimiento, el propio sospechoso entreg\u00f3 un rev\u00f3lver calibre 32 largo, con empu\u00f1adura de madera y seis alveolos.<\/p>\n\n\n\n<p>Ambos hombres fueron detenidos y trasladados a la <strong>Comisar\u00eda 32\u00ba<\/strong> por razones de jurisdicci\u00f3n. La causa qued\u00f3 caratulada como amenaza calificada, tenencia ilegal de arma de fuego y pedido de captura activo, mientras contin\u00faa la investigaci\u00f3n judicial para determinar las circunstancias de los hechos.<\/p>\n<div class=\"newspaper-x-tags\"><strong>TAGS: <\/strong><span><a href=\"https:\/\/www.rosarioalerta.com.ar\/site\/archivos\/tag\/noticias-de-rosario\" rel=\"tag\">Noticias de Rosario<\/a><\/span><a href=\"https:\/\/www.rosarioalerta.com.ar\/site\/archivos\/tag\/rosario\" rel=\"tag\">Rosario<\/a><\/span><a href=\"https:\/\/www.rosarioalerta.com.ar\/site\/archivos\/tag\/santa-fe\" rel=\"tag\">Santa Fe<\/a> <\/div>","protected":false},"excerpt":{"rendered":"<p>Fue tras dos procedimientos policiales realizados en las \u00faltimas horas en Rosario Este lunes, personal del Comando Radioel\u00e9ctrico intervino tras un llamado por disturbios y amenazas con arma de fuego en la zona de French y Campbell. Seg\u00fan el testimonio de un hombre de 32 a\u00f1os, un grupo de personas lo amenaz\u00f3 con un arma [&hellip;]<\/p>\n","protected":false},"author":2,"featured_media":31388,"comment_status":"open","ping_status":"open","sticky":false,"template":"","format":"standard","meta":{"_joinchat":[],"footnotes":""},"categories":[11,21,14],"tags":[95,55,65],"class_list":["post-31387","post","type-post","status-publish","format-standard","has-post-thumbnail","hentry","category-detenidos","category-noticias","category-policiales","tag-noticias-de-rosario","tag-rosario","tag-santa-fe"],"_links":{"self":[{"href":"https:\/\/www.rosarioalerta.com.ar\/site\/wp-json\/wp\/v2\/posts\/31387","targetHints":{"allow":["GET"]}}],"collection":[{"href":"https:\/\/www.rosarioalerta.com.ar\/site\/wp-json\/wp\/v2\/posts"}],"about":[{"href":"https:\/\/www.rosarioalerta.com.ar\/site\/wp-json\/wp\/v2\/types\/post"}],"author":[{"embeddable":true,"href":"https:\/\/www.rosarioalerta.com.ar\/site\/wp-json\/wp\/v2\/users\/2"}],"replies":[{"embeddable":true,"href":"https:\/\/www.rosarioalerta.com.ar\/site\/wp-json\/wp\/v2\/comments?post=31387"}],"version-history":[{"count":1,"href":"https:\/\/www.rosarioalerta.com.ar\/site\/wp-json\/wp\/v2\/posts\/31387\/revisions"}],"predecessor-version":[{"id":31389,"href":"https:\/\/www.rosarioalerta.com.ar\/site\/wp-json\/wp\/v2\/posts\/31387\/revisions\/31389"}],"wp:featuredmedia":[{"embeddable":true,"href":"https:\/\/www.rosarioalerta.com.ar\/site\/wp-json\/wp\/v2\/media\/31388"}],"wp:attachment":[{"href":"https:\/\/www.rosarioalerta.com.ar\/site\/wp-json\/wp\/v2\/media?parent=31387"}],"wp:term":[{"taxonomy":"category","embeddable":true,"href":"https:\/\/www.rosarioalerta.com.ar\/site\/wp-json\/wp\/v2\/categories?post=31387"},{"taxonomy":"post_tag","embeddable":true,"href":"https:\/\/www.rosarioalerta.com.ar\/site\/wp-json\/wp\/v2\/tags?post=31387"}],"curies":[{"name":"wp","href":"https:\/\/api.w.org\/{rel}","templated":true}]}}