{"id":31384,"date":"2026-03-10T08:14:55","date_gmt":"2026-03-10T11:14:55","guid":{"rendered":"https:\/\/www.rosarioalerta.com.ar\/site\/?p=31384"},"modified":"2026-03-10T08:15:07","modified_gmt":"2026-03-10T11:15:07","slug":"tirotearon-la-casa-del-primo-de-alan-vallejos","status":"publish","type":"post","link":"https:\/\/www.rosarioalerta.com.ar\/site\/archivos\/31384","title":{"rendered":"Tirotearon la casa del primo de Alan Vallejos"},"content":{"rendered":"\n<p>Agresores dispararon contra la vivienda de un familiar de los acusados por el asesinato del beb\u00e9 Gian Mastrocola<\/p>\n\n\n\n<p>Desconocidos atacaron a tiros una vivienda ubicada en <strong>Pasaje Bacle al 6500,<\/strong> durante la madrugada de este martes, en un presunto acto de represalia vinculado al crimen de un lactante. El episodio ocurri\u00f3 minutos de la medianoche, cuando un vecino alert\u00f3 a la <strong>Central de Emergencias del 911,<\/strong> sobre una serie de detonaciones. Al llegar, los efectivos constataron que el inmueble pertenece al primo de <strong>Alan Vallejos<\/strong>, uno de los j\u00f3venes recientemente detenidos y cuya situaci\u00f3n judicial se agrav\u00f3 en las \u00faltimas horas.<\/p>\n\n\n\n<p>El personal policial que arrib\u00f3 a la escena divis\u00f3 <strong>tres vainas servidas<\/strong> sobre el pavimento y <strong>una nota con amenazas directas hacia los residentes<\/strong>. Afortunadamente, no se registraron heridos dentro de la propiedad, aunque el impacto psicol\u00f3gico en el barrio es evidente. La balacera se produjo apenas un d\u00eda despu\u00e9s de que se dictara la prisi\u00f3n preventiva para los responsables del homicidio ocurrido la semana pasada.<\/p>\n\n\n\n<p>La mec\u00e1nica del hecho refuerza la hip\u00f3tesis de un &#8220;ajuste de cuentas&#8221; por la balacera que le cost\u00f3 la vida a <strong>Gian Mastrocola<\/strong>. Los atacantes aprovecharon la oscuridad de la noche para abrir fuego y huir r\u00e1pidamente, dejando el mensaje como una advertencia para el entorno cercano de los imputados. Los peritos de la <strong>Polic\u00eda de Investigaciones<\/strong> ya trabajan en el levantamiento de rastros para identificar el calibre utilizado.<\/p>\n\n\n\n<p>Este nuevo hecho de violencia no es un suceso aislado. Se enmarca en la conmoci\u00f3n generada por el asesinato de <strong>Gian Mastrocola<\/strong>, un beb\u00e9 de solo un a\u00f1o. Seg\u00fan la investigaci\u00f3n fiscal, <strong>Alan Vallejos<\/strong> y su hermano <strong>Alejandro Vallejos<\/strong> se presentaron el jueves pasado en una barber\u00eda con la intenci\u00f3n de agredir a un cliente habitual del local, identificado como Ismael.<\/p>\n\n\n\n<p>La disputa original habr\u00eda comenzado por un incidente menor: un botellazo que <strong>Ismael<\/strong> arroj\u00f3 contra el autom\u00f3vil Chevrolet Corsa de los hermanos <strong>Vallejos<\/strong>. En respuesta, los acusados regresaron al comercio y abrieron fuego de manera indiscriminada. Una de esas balas termin\u00f3 con la vida del peque\u00f1o <strong>Gian<\/strong>, quien se encontraba en el establecimiento en ese momento.<\/p>\n\n\n\n<p>Durante la audiencia celebrada ayer, se revelaron detalles sobre la agresividad de los hermanos, quienes incluso habr\u00edan utilizado una manopla para golpear a <strong>Ismael<\/strong> antes de los disparos. A pesar de que <strong>Alan Vallejos <\/strong>declar\u00f3 ante el juez: \u201c<strong><em>Si sab\u00eda que hab\u00eda una criatura, no hubiese disparado\u201d<\/em><\/strong>, la fiscal\u00eda mantiene la acusaci\u00f3n por homicidio. Adem\u00e1s, el hallazgo de drogas en poder de los detenidos sugiere un trasfondo de narcomenudeo que a\u00fan se investiga.<\/p>\n\n\n\n<p>Actualmente, el caso se encuentra en una etapa cr\u00edtica. Mientras los hermanos <strong>Vallejos<\/strong> permanecen bajo custodia, la violencia se traslada a las calles con ataques a sus familiares. Las autoridades han dispuesto guardias preventivas en puntos estrat\u00e9gicos para evitar que la escalada de violencia cobre nuevas v\u00edctimas en la zona oeste de la ciudad.<\/p>\n<div class=\"newspaper-x-tags\"><strong>TAGS: <\/strong><span><a href=\"https:\/\/www.rosarioalerta.com.ar\/site\/archivos\/tag\/noticias-de-rosario\" rel=\"tag\">Noticias de Rosario<\/a><\/span><a href=\"https:\/\/www.rosarioalerta.com.ar\/site\/archivos\/tag\/rosario\" rel=\"tag\">Rosario<\/a><\/span><a href=\"https:\/\/www.rosarioalerta.com.ar\/site\/archivos\/tag\/santa-fe\" rel=\"tag\">Santa Fe<\/a> <\/div>","protected":false},"excerpt":{"rendered":"<p>Agresores dispararon contra la vivienda de un familiar de los acusados por el asesinato del beb\u00e9 Gian Mastrocola Desconocidos atacaron a tiros una vivienda ubicada en Pasaje Bacle al 6500, durante la madrugada de este martes, en un presunto acto de represalia vinculado al crimen de un lactante. El episodio ocurri\u00f3 minutos de la medianoche, [&hellip;]<\/p>\n","protected":false},"author":2,"featured_media":31385,"comment_status":"open","ping_status":"open","sticky":false,"template":"","format":"standard","meta":{"_joinchat":[],"footnotes":""},"categories":[15,21,14],"tags":[95,55,65],"class_list":["post-31384","post","type-post","status-publish","format-standard","has-post-thumbnail","hentry","category-balaceras","category-noticias","category-policiales","tag-noticias-de-rosario","tag-rosario","tag-santa-fe"],"_links":{"self":[{"href":"https:\/\/www.rosarioalerta.com.ar\/site\/wp-json\/wp\/v2\/posts\/31384","targetHints":{"allow":["GET"]}}],"collection":[{"href":"https:\/\/www.rosarioalerta.com.ar\/site\/wp-json\/wp\/v2\/posts"}],"about":[{"href":"https:\/\/www.rosarioalerta.com.ar\/site\/wp-json\/wp\/v2\/types\/post"}],"author":[{"embeddable":true,"href":"https:\/\/www.rosarioalerta.com.ar\/site\/wp-json\/wp\/v2\/users\/2"}],"replies":[{"embeddable":true,"href":"https:\/\/www.rosarioalerta.com.ar\/site\/wp-json\/wp\/v2\/comments?post=31384"}],"version-history":[{"count":1,"href":"https:\/\/www.rosarioalerta.com.ar\/site\/wp-json\/wp\/v2\/posts\/31384\/revisions"}],"predecessor-version":[{"id":31386,"href":"https:\/\/www.rosarioalerta.com.ar\/site\/wp-json\/wp\/v2\/posts\/31384\/revisions\/31386"}],"wp:featuredmedia":[{"embeddable":true,"href":"https:\/\/www.rosarioalerta.com.ar\/site\/wp-json\/wp\/v2\/media\/31385"}],"wp:attachment":[{"href":"https:\/\/www.rosarioalerta.com.ar\/site\/wp-json\/wp\/v2\/media?parent=31384"}],"wp:term":[{"taxonomy":"category","embeddable":true,"href":"https:\/\/www.rosarioalerta.com.ar\/site\/wp-json\/wp\/v2\/categories?post=31384"},{"taxonomy":"post_tag","embeddable":true,"href":"https:\/\/www.rosarioalerta.com.ar\/site\/wp-json\/wp\/v2\/tags?post=31384"}],"curies":[{"name":"wp","href":"https:\/\/api.w.org\/{rel}","templated":true}]}}