{"id":31378,"date":"2026-03-09T18:03:27","date_gmt":"2026-03-09T21:03:27","guid":{"rendered":"https:\/\/www.rosarioalerta.com.ar\/site\/?p=31378"},"modified":"2026-03-09T18:03:29","modified_gmt":"2026-03-09T21:03:29","slug":"dos-de-los-tres-acusados-quedaron-detenidos","status":"publish","type":"post","link":"https:\/\/www.rosarioalerta.com.ar\/site\/archivos\/31378","title":{"rendered":"Dos de los tres acusados quedaron detenidos"},"content":{"rendered":"\n<p>Fueron imputados los part\u00edcipes en el crimen del beb\u00e9 Gian Mastrocola<\/p>\n\n\n\n<p>Este lunes imputaron a dos de los tres detenidos por el crimen del beb\u00e9, quedando en prisi\u00f3n preventiva <strong>Mario Antonio Kevin Portillo<\/strong> <strong>de 25 a\u00f1os<\/strong> y <strong>Alan Nahuel Vallejos<\/strong> <strong>de 2<\/strong>1, acusados por el homicidio del <strong>beb\u00e9 Gian Benjam\u00edn Mastrocola<\/strong>, de un a\u00f1o. El hecho ocurri\u00f3 el jueves 5 de marzo a las 18, en una barber\u00eda ubicada en <strong>Melincu\u00e9 al 6100<\/strong>, donde los atacantes efectuaron m\u00faltiples disparos contra el local. El ni\u00f1o muri\u00f3 por un impacto de bala mientras estaba en brazos de su padre, quien tambi\u00e9n result\u00f3 herido.<\/p>\n\n\n\n<p>La medida fue resuelta por el juez de primera instancia <strong>Gasparini<\/strong> durante una audiencia realizada en el <strong>Centro de Justicia Penal<\/strong>. La investigaci\u00f3n est\u00e1 a cargo de la fiscal <strong>Agustina Eiris<\/strong>, de la Unidad de Violencias Altamente Lesivas.<\/p>\n\n\n\n<p>Seg\u00fan la imputaci\u00f3n fiscal, <strong>Portillo y Vallejos<\/strong> actuaron de manera coordinada <strong>con al menos tres hombres<\/strong> <strong>a\u00fan no identificados<\/strong>. Llegaron al lugar en dos veh\u00edculos: un <strong>Chevrolet Corsa gris y una motocicleta<\/strong>.<\/p>\n\n\n\n<p>De acuerdo con la acusaci\u00f3n, <strong>Portillo<\/strong> descendi\u00f3 del rodado y sin mediar palabra, efectu\u00f3 varios disparos con un rev\u00f3lver calibre 38 contra las personas que estaban dentro del local.<\/p>\n\n\n\n<p>Uno de los proyectiles impact\u00f3 en el hombro izquierdo del padre del beb\u00e9, mientras que otro alcanz\u00f3 a su hijo <strong>Gian Benjam\u00edn Mastrocola<\/strong>, quien se encontraba en sus brazos. El ni\u00f1o muri\u00f3 por una hemorragia tor\u00e1cica provocada por el disparo.<\/p>\n\n\n\n<p>Tras el ataque, los agresores escaparon del lugar en los veh\u00edculos en los que hab\u00edan llegado. Vecinos que presenciaron el hecho lograron reducir a <strong>Portillo<\/strong> a pocos metros de la barber\u00eda hasta la llegada de la polic\u00eda. En ese momento le secuestraron el rev\u00f3lver calibre 38 utilizado en el ataque, que conten\u00eda tres cartuchos percutidos y tres servidos, y que, seg\u00fan el informe bal\u00edstico, ten\u00eda aptitud para el disparo.<\/p>\n\n\n\n<p>En paralelo, la polic\u00eda localiz\u00f3 el Chevrolet Corsa utilizado en la fuga en una vivienda de <strong>Patricios al 600<\/strong>. All\u00ed <strong>Vallejos<\/strong> intent\u00f3 escapar por el fondo del domicilio, pero fue detenido en la zona de <strong>Escalante al 6300<\/strong>.<\/p>\n\n\n\n<p>Durante un procedimiento realizado esa misma noche en un domicilio de <strong>Bacle al 6300<\/strong>, los investigadores secuestraron en poder de <strong>Vallejos<\/strong> una pistola Colt calibre 11.25 sin numeraci\u00f3n visible, nueve cartuchos intactos y 306 gramos de coca\u00edna presuntamente destinados a la comercializaci\u00f3n.<\/p>\n\n\n\n<p>Adem\u00e1s, la Fiscal\u00eda le atribuye haber protagonizado momentos antes del crimen un episodio violento en <strong>Melincu\u00e9 al 3100<\/strong>, donde habr\u00eda agredido a un joven con una manopla de hierro y provocado da\u00f1os en una Citro\u00ebn Berlingo.<\/p>\n\n\n\n<p>En la audiencia imputativa, la <strong>fiscal Eiris<\/strong> acus\u00f3 a ambos imputados como coautores de homicidio calificado por el concurso premeditado de dos o m\u00e1s personas, agravado por el uso de arma de fuego, adem\u00e1s de otros delitos vinculados a lesiones, armas y estupefacientes.<\/p>\n\n\n\n<p>El juez <strong>Gasparini<\/strong> dio por formalizada la imputaci\u00f3n y orden\u00f3 la prisi\u00f3n preventiva efectiva por el plazo de ley mientras avanza la investigaci\u00f3n.<\/p>\n\n\n\n<p>En el marco del operativo tambi\u00e9n fue detenido <strong>Dar\u00edo A de 45 a\u00f1os<\/strong>, durante el allanamiento donde se hall\u00f3 el veh\u00edculo utilizado en la fuga. Seg\u00fan indicaron fuentes judiciales, no fue imputado por el homicidio y su situaci\u00f3n procesal est\u00e1 vinculada a un posible encubrimiento.<\/p>\n<div class=\"newspaper-x-tags\"><strong>TAGS: <\/strong><span><a href=\"https:\/\/www.rosarioalerta.com.ar\/site\/archivos\/tag\/alan-nahuel-vallejos\" rel=\"tag\">Alan Nahuel Vallejos<\/a><\/span><a href=\"https:\/\/www.rosarioalerta.com.ar\/site\/archivos\/tag\/gian-mastrocola\" rel=\"tag\">Gian Mastrocola<\/a><\/span><a href=\"https:\/\/www.rosarioalerta.com.ar\/site\/archivos\/tag\/mario-antonio-kevin-portillo\" rel=\"tag\">Mario Antonio Kevin Portillo<\/a><\/span><a href=\"https:\/\/www.rosarioalerta.com.ar\/site\/archivos\/tag\/noticias-de-rosario\" rel=\"tag\">Noticias de Rosario<\/a><\/span><a href=\"https:\/\/www.rosarioalerta.com.ar\/site\/archivos\/tag\/rosario\" rel=\"tag\">Rosario<\/a><\/span><a href=\"https:\/\/www.rosarioalerta.com.ar\/site\/archivos\/tag\/santa-fe\" rel=\"tag\">Santa Fe<\/a> <\/div>","protected":false},"excerpt":{"rendered":"<p>Fueron imputados los part\u00edcipes en el crimen del beb\u00e9 Gian Mastrocola Este lunes imputaron a dos de los tres detenidos por el crimen del beb\u00e9, quedando en prisi\u00f3n preventiva Mario Antonio Kevin Portillo de 25 a\u00f1os y Alan Nahuel Vallejos de 21, acusados por el homicidio del beb\u00e9 Gian Benjam\u00edn Mastrocola, de un a\u00f1o. El [&hellip;]<\/p>\n","protected":false},"author":2,"featured_media":31379,"comment_status":"open","ping_status":"open","sticky":false,"template":"","format":"standard","meta":{"_joinchat":[],"footnotes":""},"categories":[11,13,21],"tags":[2021,2023,2022,95,55,65],"class_list":["post-31378","post","type-post","status-publish","format-standard","has-post-thumbnail","hentry","category-detenidos","category-judiciales","category-noticias","tag-alan-nahuel-vallejos","tag-gian-mastrocola","tag-mario-antonio-kevin-portillo","tag-noticias-de-rosario","tag-rosario","tag-santa-fe"],"_links":{"self":[{"href":"https:\/\/www.rosarioalerta.com.ar\/site\/wp-json\/wp\/v2\/posts\/31378","targetHints":{"allow":["GET"]}}],"collection":[{"href":"https:\/\/www.rosarioalerta.com.ar\/site\/wp-json\/wp\/v2\/posts"}],"about":[{"href":"https:\/\/www.rosarioalerta.com.ar\/site\/wp-json\/wp\/v2\/types\/post"}],"author":[{"embeddable":true,"href":"https:\/\/www.rosarioalerta.com.ar\/site\/wp-json\/wp\/v2\/users\/2"}],"replies":[{"embeddable":true,"href":"https:\/\/www.rosarioalerta.com.ar\/site\/wp-json\/wp\/v2\/comments?post=31378"}],"version-history":[{"count":1,"href":"https:\/\/www.rosarioalerta.com.ar\/site\/wp-json\/wp\/v2\/posts\/31378\/revisions"}],"predecessor-version":[{"id":31380,"href":"https:\/\/www.rosarioalerta.com.ar\/site\/wp-json\/wp\/v2\/posts\/31378\/revisions\/31380"}],"wp:featuredmedia":[{"embeddable":true,"href":"https:\/\/www.rosarioalerta.com.ar\/site\/wp-json\/wp\/v2\/media\/31379"}],"wp:attachment":[{"href":"https:\/\/www.rosarioalerta.com.ar\/site\/wp-json\/wp\/v2\/media?parent=31378"}],"wp:term":[{"taxonomy":"category","embeddable":true,"href":"https:\/\/www.rosarioalerta.com.ar\/site\/wp-json\/wp\/v2\/categories?post=31378"},{"taxonomy":"post_tag","embeddable":true,"href":"https:\/\/www.rosarioalerta.com.ar\/site\/wp-json\/wp\/v2\/tags?post=31378"}],"curies":[{"name":"wp","href":"https:\/\/api.w.org\/{rel}","templated":true}]}}