{"id":31362,"date":"2026-03-09T10:26:35","date_gmt":"2026-03-09T13:26:35","guid":{"rendered":"https:\/\/www.rosarioalerta.com.ar\/site\/?p=31362"},"modified":"2026-03-09T10:26:37","modified_gmt":"2026-03-09T13:26:37","slug":"neutralizaron-a-un-sujeto-con-una-taser","status":"publish","type":"post","link":"https:\/\/www.rosarioalerta.com.ar\/site\/archivos\/31362","title":{"rendered":"Neutralizaron a un sujeto con una Taser"},"content":{"rendered":"\n<p>Fue tras un hecho de violencia de g\u00e9nero, en donde la polic\u00eda se vio amenazada por un sujeto que sosten\u00eda una viga de hormig\u00f3n<\/p>\n\n\n\n<p>El viernes por la noche, en un domicilio de <strong>Lavalle al 4100<\/strong>, efectivos de la Polic\u00eda de Santa Fe utilizaron una pistola <strong>Taser<\/strong> para reducir a un hombre de 32 a\u00f1os que amenazaba con un cuchillo y una viga de construcci\u00f3n. La intervenci\u00f3n evit\u00f3 un riesgo mayor para la v\u00edctima y los uniformados.<\/p>\n\n\n\n<p>El hecho se produjo minutos antes de la medianoche, cuando la v\u00edctima llam\u00f3 al 911 tras observar la agresividad de su pareja. Al llegar, los agentes encontraron al hombre portando un cuchillo tipo carnicero y amenazando con arrojar una viga desde la planta alta del inmueble. Ante el peligro inminente, se solicit\u00f3 el uso de la <strong>pistola Taser<\/strong>, incorporada recientemente por el Gobierno Provincial como herramienta de fuerza gradual.<\/p>\n\n\n\n<figure class=\"wp-block-embed is-type-video is-provider-youtube wp-block-embed-youtube wp-embed-aspect-16-9 wp-has-aspect-ratio\"><div class=\"wp-block-embed__wrapper\">\n<div class=\"newspaper-x-video-container\"><iframe loading=\"lazy\" title=\"Neutralizaron a un sujeto con una Taser\" width=\"750\" height=\"422\" src=\"https:\/\/www.youtube.com\/embed\/vPROmEFc5U0?feature=oembed\" frameborder=\"0\" allow=\"accelerometer; autoplay; clipboard-write; encrypted-media; gyroscope; picture-in-picture; web-share\" referrerpolicy=\"strict-origin-when-cross-origin\" allowfullscreen><\/iframe><\/div>\n<\/div><\/figure>\n\n\n\n<p>Los efectivos ingresaron a la vivienda y, al encontrarse con el hombre, uno de los suboficiales activ\u00f3 la <strong>Taser<\/strong>, inmoviliz\u00e1ndolo para proceder con la detenci\u00f3n y colocarle las esposas de seguridad.<\/p>\n\n\n\n<p>Tras neutralizar al agresor, identificado como <strong>Brian M<\/strong>, la Polic\u00eda procedi\u00f3 al secuestro de la viga de hormig\u00f3n de 80 cent\u00edmetros y el cuchillo. El detenido fue trasladado a la <strong>Comisar\u00eda 21\u00ba<\/strong>, donde se inici\u00f3 la causa por amenazas y violencia de g\u00e9nero.<\/p>\n\n\n\n<p>Desde la Polic\u00eda de Santa Fe se\u00f1alaron que el uso de la <strong>Taser<\/strong> permiti\u00f3 <strong><em>\u201cminimizar riesgos y garantizar la seguridad de la v\u00edctima y de los agentes\u201d<\/em><\/strong>. Adem\u00e1s, destacaron que este tipo de armas de baja letalidad se emplean en situaciones que requieren una intervenci\u00f3n r\u00e1pida y controlada.<\/p>\n\n\n\n<p>La incorporaci\u00f3n de pistolas <strong>Taser<\/strong> busca ofrecer alternativas al uso de armas de fuego en escenarios de riesgo. En casos de violencia de g\u00e9nero, el despliegue de estas herramientas permite reducir la fuerza aplicada y proteger tanto a la v\u00edctima como a terceros.<\/p>\n\n\n\n<p><strong>Brian M<\/strong> permanece detenido mientras se avanza con la investigaci\u00f3n judicial. La v\u00edctima se encuentra fuera de peligro, y los efectivos contin\u00faan recabando pruebas y declaraciones para sustentar la causa.<\/p>\n<div class=\"newspaper-x-tags\"><strong>TAGS: <\/strong><span><a href=\"https:\/\/www.rosarioalerta.com.ar\/site\/archivos\/tag\/noticias-de-rosario\" rel=\"tag\">Noticias de Rosario<\/a><\/span><a href=\"https:\/\/www.rosarioalerta.com.ar\/site\/archivos\/tag\/rosario\" rel=\"tag\">Rosario<\/a><\/span><a href=\"https:\/\/www.rosarioalerta.com.ar\/site\/archivos\/tag\/santa-fe\" rel=\"tag\">Santa Fe<\/a><\/span><a href=\"https:\/\/www.rosarioalerta.com.ar\/site\/archivos\/tag\/taser\" rel=\"tag\">Taser<\/a> <\/div>","protected":false},"excerpt":{"rendered":"<p>Fue tras un hecho de violencia de g\u00e9nero, en donde la polic\u00eda se vio amenazada por un sujeto que sosten\u00eda una viga de hormig\u00f3n El viernes por la noche, en un domicilio de Lavalle al 4100, efectivos de la Polic\u00eda de Santa Fe utilizaron una pistola Taser para reducir a un hombre de 32 a\u00f1os [&hellip;]<\/p>\n","protected":false},"author":2,"featured_media":31363,"comment_status":"open","ping_status":"open","sticky":false,"template":"","format":"standard","meta":{"_joinchat":[],"footnotes":""},"categories":[11,21,14,51],"tags":[95,55,65,775],"class_list":["post-31362","post","type-post","status-publish","format-standard","has-post-thumbnail","hentry","category-detenidos","category-noticias","category-policiales","category-violencia-de-genero","tag-noticias-de-rosario","tag-rosario","tag-santa-fe","tag-taser"],"_links":{"self":[{"href":"https:\/\/www.rosarioalerta.com.ar\/site\/wp-json\/wp\/v2\/posts\/31362","targetHints":{"allow":["GET"]}}],"collection":[{"href":"https:\/\/www.rosarioalerta.com.ar\/site\/wp-json\/wp\/v2\/posts"}],"about":[{"href":"https:\/\/www.rosarioalerta.com.ar\/site\/wp-json\/wp\/v2\/types\/post"}],"author":[{"embeddable":true,"href":"https:\/\/www.rosarioalerta.com.ar\/site\/wp-json\/wp\/v2\/users\/2"}],"replies":[{"embeddable":true,"href":"https:\/\/www.rosarioalerta.com.ar\/site\/wp-json\/wp\/v2\/comments?post=31362"}],"version-history":[{"count":1,"href":"https:\/\/www.rosarioalerta.com.ar\/site\/wp-json\/wp\/v2\/posts\/31362\/revisions"}],"predecessor-version":[{"id":31364,"href":"https:\/\/www.rosarioalerta.com.ar\/site\/wp-json\/wp\/v2\/posts\/31362\/revisions\/31364"}],"wp:featuredmedia":[{"embeddable":true,"href":"https:\/\/www.rosarioalerta.com.ar\/site\/wp-json\/wp\/v2\/media\/31363"}],"wp:attachment":[{"href":"https:\/\/www.rosarioalerta.com.ar\/site\/wp-json\/wp\/v2\/media?parent=31362"}],"wp:term":[{"taxonomy":"category","embeddable":true,"href":"https:\/\/www.rosarioalerta.com.ar\/site\/wp-json\/wp\/v2\/categories?post=31362"},{"taxonomy":"post_tag","embeddable":true,"href":"https:\/\/www.rosarioalerta.com.ar\/site\/wp-json\/wp\/v2\/tags?post=31362"}],"curies":[{"name":"wp","href":"https:\/\/api.w.org\/{rel}","templated":true}]}}