{"id":31351,"date":"2026-03-09T07:45:35","date_gmt":"2026-03-09T10:45:35","guid":{"rendered":"https:\/\/www.rosarioalerta.com.ar\/site\/?p=31351"},"modified":"2026-03-09T07:45:41","modified_gmt":"2026-03-09T10:45:41","slug":"dos-heridos-y-disparos-contra-viviendas","status":"publish","type":"post","link":"https:\/\/www.rosarioalerta.com.ar\/site\/archivos\/31351","title":{"rendered":"Dos heridos y disparos contra viviendas"},"content":{"rendered":"\n<p>Fueron en distintos puntos de Rosario y Villa Gobernador G\u00e1lvez<\/p>\n\n\n\n<p>En las \u00faltimas 24 horas se registraron varios episodios armados en distintos barrios de <strong>Rosario y Villa Gobernador G\u00e1lvez<\/strong>. Dos personas resultaron heridas y hubo disparos contra viviendas, tiros al aire y un robo con armas.<\/p>\n\n\n\n<p>Un hombre de 32 a\u00f1os fue apu\u00f1alado, un joven de 22 termin\u00f3 herido de bala y se registraron varios ataques a tiros contra viviendas entre la noche del domingo y la madrugada del lunes en distintos puntos de <strong>Rosario y Villa Gobernador G\u00e1lvez.<\/strong><\/p>\n\n\n\n<p>El caso m\u00e1s grave ocurri\u00f3 en <strong>Cullen al 1200 bis<\/strong>. Durante la noche, cuatro personas llevaron a un hombre de 32 a\u00f1os hasta el <strong>Hospital Alberdi<\/strong> con una herida de arma blanca y se retiraron del lugar. El paciente fue estabilizado y luego trasladado por el <strong>SIES<\/strong> al <strong>Hospital de Emergencias Clemente \u00c1lvarez,<\/strong> donde qued\u00f3 internado en observaci\u00f3n con una lesi\u00f3n en el lado izquierdo del abdomen.<\/p>\n\n\n\n<p>Otro episodio se registr\u00f3 en barrio Godoy, en la zona de Is<strong>ern y Hermana Paula<\/strong>. All\u00ed un joven de 22 a\u00f1os recibi\u00f3 un disparo en una de sus piernas y fue derivado al <strong>HECA<\/strong> para su atenci\u00f3n.<\/p>\n\n\n\n<p>En paralelo, personal del <strong>Comando Radioel\u00e9ctrico<\/strong> intervino en <strong>Pascual Rosas al 2800<\/strong> por disparos al aire. En el procedimiento fueron detenidos tres sospechosos: dos hombres de 25 a\u00f1os y otro de 35, a los que les secuestraron un rev\u00f3lver y una pistola.<\/p>\n\n\n\n<p>Tambi\u00e9n se denunciaron balaceras contra propiedades en distintos sectores de la ciudad. En <strong>Pago de los Arroyos al 6500<\/strong>, en la zona sur de <strong>Rosario<\/strong>, una casa recibi\u00f3 cinco disparos.<\/p>\n\n\n\n<p>En tanto, en <strong>Pte Quintana al 2000<\/strong>, los peritos hallaron nueve vainas servidas y constataron cuatro impactos contra el port\u00f3n de un inmueble.<\/p>\n\n\n\n<p class=\"has-text-align-center\"><strong>Hechos similares en Villa Gobernador G\u00e1lvez<\/strong><\/p>\n\n\n\n<p>En <strong>Crespo al 3200<\/strong>, delincuentes ingresaron a una vivienda, robaron un televisor y unos 50 mil pesos en efectivo. Antes de escapar efectuaron dos disparos contra el frente de la casa.<\/p>\n\n\n\n<p>Otro ataque ocurri\u00f3 en <strong>Santa Rosa al 900<\/strong>, donde se hallaron varias vainas servidas, seis impactos de bala en la fachada y una nota intimidatoria.<\/p>\n\n\n\n<p>El tercer caso se registr\u00f3 en <strong>Camino de los \u00c1ngeles al 3400<\/strong>, donde se constataron siete disparos contra el frente de otro domicilio.<\/p>\n\n\n\n<p>El s\u00e1bado en <strong>Rosario<\/strong>, volvi\u00f3 a mostrarse un mensaje intimidatorio contra un establecimiento escolar. Fue en el <strong>Colegio \u201cRey de Gloria\u201d, en Per\u00fa 377 bis,<\/strong> donde dejaron una bandera <strong>\u201ca modo de sobre\u201d <\/strong>como fue la semana pasada en el <strong>Colegio Sur, <\/strong>con la misma leyenda, que nombraba a l\u00edderes de grupos narcos y mafiosos de la ciudad<\/p>\n\n\n\n<p>Las distintas causas quedaron bajo investigaci\u00f3n del <strong>Ministerio P\u00fablico de la Acusaci\u00f3n,<\/strong> que busca determinar si algunos de los episodios podr\u00edan estar relacionados. En particular, el ataque en <strong>barrio Godoy<\/strong> es analizado junto a un antecedente <strong>ocurrido en octubre de 2025<\/strong>, cuando una vivienda de esa misma zona fue baleada.<\/p>\n\n\n\n<p>Por el momento, los heridos permanecen internados fuera de peligro y contin\u00faan las medidas investigativas para identificar a los responsables de los ataques.<\/p>\n<div class=\"newspaper-x-tags\"><strong>TAGS: <\/strong><span><a href=\"https:\/\/www.rosarioalerta.com.ar\/site\/archivos\/tag\/balaceras\" rel=\"tag\">Balaceras<\/a><\/span><a href=\"https:\/\/www.rosarioalerta.com.ar\/site\/archivos\/tag\/noticias-de-rosario\" rel=\"tag\">Noticias de Rosario<\/a><\/span><a href=\"https:\/\/www.rosarioalerta.com.ar\/site\/archivos\/tag\/noticias-de-vgg\" rel=\"tag\">Noticias de VGG<\/a><\/span><a href=\"https:\/\/www.rosarioalerta.com.ar\/site\/archivos\/tag\/rosario\" rel=\"tag\">Rosario<\/a><\/span><a href=\"https:\/\/www.rosarioalerta.com.ar\/site\/archivos\/tag\/santa-fe\" rel=\"tag\">Santa Fe<\/a><\/span><a href=\"https:\/\/www.rosarioalerta.com.ar\/site\/archivos\/tag\/vgg\" rel=\"tag\">VGG<\/a> <\/div>","protected":false},"excerpt":{"rendered":"<p>Fueron en distintos puntos de Rosario y Villa Gobernador G\u00e1lvez En las \u00faltimas 24 horas se registraron varios episodios armados en distintos barrios de Rosario y Villa Gobernador G\u00e1lvez. Dos personas resultaron heridas y hubo disparos contra viviendas, tiros al aire y un robo con armas. Un hombre de 32 a\u00f1os fue apu\u00f1alado, un joven [&hellip;]<\/p>\n","protected":false},"author":2,"featured_media":31352,"comment_status":"open","ping_status":"open","sticky":false,"template":"","format":"standard","meta":{"_joinchat":[],"footnotes":""},"categories":[15,11,17,21,14],"tags":[68,95,94,55,65,60],"class_list":["post-31351","post","type-post","status-publish","format-standard","has-post-thumbnail","hentry","category-balaceras","category-detenidos","category-heridos","category-noticias","category-policiales","tag-balaceras","tag-noticias-de-rosario","tag-noticias-de-vgg","tag-rosario","tag-santa-fe","tag-vgg"],"_links":{"self":[{"href":"https:\/\/www.rosarioalerta.com.ar\/site\/wp-json\/wp\/v2\/posts\/31351","targetHints":{"allow":["GET"]}}],"collection":[{"href":"https:\/\/www.rosarioalerta.com.ar\/site\/wp-json\/wp\/v2\/posts"}],"about":[{"href":"https:\/\/www.rosarioalerta.com.ar\/site\/wp-json\/wp\/v2\/types\/post"}],"author":[{"embeddable":true,"href":"https:\/\/www.rosarioalerta.com.ar\/site\/wp-json\/wp\/v2\/users\/2"}],"replies":[{"embeddable":true,"href":"https:\/\/www.rosarioalerta.com.ar\/site\/wp-json\/wp\/v2\/comments?post=31351"}],"version-history":[{"count":1,"href":"https:\/\/www.rosarioalerta.com.ar\/site\/wp-json\/wp\/v2\/posts\/31351\/revisions"}],"predecessor-version":[{"id":31353,"href":"https:\/\/www.rosarioalerta.com.ar\/site\/wp-json\/wp\/v2\/posts\/31351\/revisions\/31353"}],"wp:featuredmedia":[{"embeddable":true,"href":"https:\/\/www.rosarioalerta.com.ar\/site\/wp-json\/wp\/v2\/media\/31352"}],"wp:attachment":[{"href":"https:\/\/www.rosarioalerta.com.ar\/site\/wp-json\/wp\/v2\/media?parent=31351"}],"wp:term":[{"taxonomy":"category","embeddable":true,"href":"https:\/\/www.rosarioalerta.com.ar\/site\/wp-json\/wp\/v2\/categories?post=31351"},{"taxonomy":"post_tag","embeddable":true,"href":"https:\/\/www.rosarioalerta.com.ar\/site\/wp-json\/wp\/v2\/tags?post=31351"}],"curies":[{"name":"wp","href":"https:\/\/api.w.org\/{rel}","templated":true}]}}