{"id":31343,"date":"2026-03-08T12:50:54","date_gmt":"2026-03-08T15:50:54","guid":{"rendered":"https:\/\/www.rosarioalerta.com.ar\/site\/?p=31343"},"modified":"2026-03-08T12:50:55","modified_gmt":"2026-03-08T15:50:55","slug":"cayo-chami-mendoza","status":"publish","type":"post","link":"https:\/\/www.rosarioalerta.com.ar\/site\/archivos\/31343","title":{"rendered":"Cay\u00f3 \u201cChami\u201d Mendoza"},"content":{"rendered":"\n<p>Uno de los 10 pr\u00f3fugos m\u00e1s buscados de Santa Fe<\/p>\n\n\n\n<p>El integrante de la banda <strong>Los Menores<\/strong> fue detenido durante la madrugada en un operativo de la <strong>Polic\u00eda de Investigaciones<\/strong>. Ten\u00eda pedido de captura <strong>desde mayo de 2025<\/strong> y era considerado de <strong>alto perfil<\/strong> por su rol dentro del grupo criminal.<\/p>\n\n\n\n<p>Uno de los <strong>pr\u00f3fugos m\u00e1s buscados de Santa Fe<\/strong> fue detenido durante la madrugada del domingo 8 de marzo en Rosario. Se trata de <strong>Alexis Emanuel Mendoza, alias \u201cChami\u201d, de 31 a\u00f1os<\/strong>, se\u00f1alado como integrante de la banda criminal <strong>Los Menores<\/strong>. El operativo se realiz\u00f3 en <strong>Alsina al 2900 <\/strong>y estuvo a cargo de la <strong>Polic\u00eda de Investigaciones<\/strong> a trav\u00e9s de la <strong>Unidad de Capturas de Alto Perfil<\/strong>.<\/p>\n\n\n\n<p><strong>Mendoza<\/strong> ten\u00eda pedido de captura activo desde el 16 de mayo de 2025 y formaba parte de la n\u00f3mina oficial de los diez delincuentes m\u00e1s buscados de la provincia.<\/p>\n\n\n\n<p>El procedimiento fue ejecutado por la <strong>Unidad de Capturas de Alto Perfil (UCAP)<\/strong>, un grupo especializado en localizar pr\u00f3fugos vinculados al crimen organizado.<\/p>\n\n\n\n<p>Seg\u00fan fuentes del operativo, los agentes lograron ubicar a <strong>Mendoza<\/strong> en la v\u00eda p\u00fablica durante la madrugada y concretaron la detenci\u00f3n sin que se registraran incidentes. Tras la captura, el sospechoso fue trasladado a la sede de la <strong>PDI<\/strong> para los tr\u00e1mites judiciales correspondientes.<\/p>\n\n\n\n<p>Posteriormente qued\u00f3 a disposici\u00f3n del Ministerio P\u00fablico de la Acusaci\u00f3n, organismo que lleva adelante las investigaciones penales en la provincia.<\/p>\n\n\n\n<p>El detenido <strong>estaba pr\u00f3fugo desde mayo de 2025<\/strong> y era buscado por causas vinculadas al <strong>manejo de armas de fuego<\/strong> y su presunta <strong>participaci\u00f3n en la banda Los Menores.<\/strong><\/p>\n\n\n\n<p>Dentro del programa de <strong>recompensas del Gobierno provincial se hab\u00eda ofrecido 30 millones de pesos<\/strong> para quienes aportaran datos que permitieran ubicarlo.<\/p>\n\n\n\n<p>Adem\u00e1s, <strong>Mendoza<\/strong> ya contaba con antecedentes judiciales. En <strong>2018 fue condenado a cuatro a\u00f1os y seis meses de prisi\u00f3n por amenazas, lesiones, encubrimiento, homicidio en ri\u00f1a y portaci\u00f3n ileg\u00edtima de arma de fuego<\/strong>.<\/p>\n\n\n\n<p>El ministro de Justicia y Seguridad de Santa Fe, <strong>Pablo Cococcioni<\/strong>, destac\u00f3 la importancia de la detenci\u00f3n dentro de la estrategia de persecuci\u00f3n de organizaciones criminales.<\/p>\n\n\n\n<p><strong><em>\u201cLa priorizaci\u00f3n de su captura responde al riesgo que representa para la seguridad p\u00fablica. Es un miembro relevante dentro de la banda Los Menores, referente de zona y con un perfil violento\u201d,<\/em><\/strong> afirm\u00f3 el funcionario.<\/p>\n\n\n\n<p>La Unidad de Capturas de Alto Perfil forma parte de un esquema interagencial que coordina tareas con la Polic\u00eda de Santa Fe, el Servicio Penitenciario, \u00e1reas de inteligencia y el Ministerio P\u00fablico de la Acusaci\u00f3n.<\/p>\n\n\n\n<p>Su objetivo es localizar y detener a pr\u00f3fugos vinculados al narcotr\u00e1fico, homicidios y delitos asociados al crimen organizado. Para ello desarrolla tareas de inteligencia criminal, patrullaje cibern\u00e9tico y operativos t\u00e1cticos.<\/p>\n\n\n\n<p>Tras su detenci\u00f3n, <strong>Mendoza<\/strong> qued\u00f3 alojado en dependencias policiales a la espera de su traslado a una unidad penitenciaria de la provincia.<\/p>\n\n\n\n<p>Las autoridades judiciales avanzan ahora con las actuaciones correspondientes en las causas en las que el detenido aparece mencionado como presunto integrante de la organizaci\u00f3n criminal.<\/p>\n<div class=\"newspaper-x-tags\"><strong>TAGS: <\/strong><span><a href=\"https:\/\/www.rosarioalerta.com.ar\/site\/archivos\/tag\/chami-mendoza\" rel=\"tag\">\u201cChami\u201d Mendoza<\/a><\/span><a href=\"https:\/\/www.rosarioalerta.com.ar\/site\/archivos\/tag\/alexis-emanuel-mendoza\" rel=\"tag\">Alexis Emanuel Mendoza<\/a><\/span><a href=\"https:\/\/www.rosarioalerta.com.ar\/site\/archivos\/tag\/noticias-de-rosario\" rel=\"tag\">Noticias de Rosario<\/a><\/span><a href=\"https:\/\/www.rosarioalerta.com.ar\/site\/archivos\/tag\/policia-de-investigaciones-pdi\" rel=\"tag\">Polic\u00eda de Investigaciones (PDI)<\/a><\/span><a href=\"https:\/\/www.rosarioalerta.com.ar\/site\/archivos\/tag\/rosario\" rel=\"tag\">Rosario<\/a><\/span><a href=\"https:\/\/www.rosarioalerta.com.ar\/site\/archivos\/tag\/santa-fe\" rel=\"tag\">Santa Fe<\/a><\/span><a href=\"https:\/\/www.rosarioalerta.com.ar\/site\/archivos\/tag\/ucap\" rel=\"tag\">UCAP<\/a><\/span><a href=\"https:\/\/www.rosarioalerta.com.ar\/site\/archivos\/tag\/unidad-de-capturas-de-alto-perfil\" rel=\"tag\">Unidad de Capturas de Alto Perfil<\/a> <\/div>","protected":false},"excerpt":{"rendered":"<p>Uno de los 10 pr\u00f3fugos m\u00e1s buscados de Santa Fe El integrante de la banda Los Menores fue detenido durante la madrugada en un operativo de la Polic\u00eda de Investigaciones. Ten\u00eda pedido de captura desde mayo de 2025 y era considerado de alto perfil por su rol dentro del grupo criminal. Uno de los pr\u00f3fugos [&hellip;]<\/p>\n","protected":false},"author":2,"featured_media":31344,"comment_status":"open","ping_status":"open","sticky":false,"template":"","format":"standard","meta":{"_joinchat":[],"footnotes":""},"categories":[12,11,18,21,14],"tags":[2018,2017,95,852,55,65,2019,1607],"class_list":["post-31343","post","type-post","status-publish","format-standard","has-post-thumbnail","hentry","category-allanamientos","category-detenidos","category-institucional","category-noticias","category-policiales","tag-chami-mendoza","tag-alexis-emanuel-mendoza","tag-noticias-de-rosario","tag-policia-de-investigaciones-pdi","tag-rosario","tag-santa-fe","tag-ucap","tag-unidad-de-capturas-de-alto-perfil"],"_links":{"self":[{"href":"https:\/\/www.rosarioalerta.com.ar\/site\/wp-json\/wp\/v2\/posts\/31343","targetHints":{"allow":["GET"]}}],"collection":[{"href":"https:\/\/www.rosarioalerta.com.ar\/site\/wp-json\/wp\/v2\/posts"}],"about":[{"href":"https:\/\/www.rosarioalerta.com.ar\/site\/wp-json\/wp\/v2\/types\/post"}],"author":[{"embeddable":true,"href":"https:\/\/www.rosarioalerta.com.ar\/site\/wp-json\/wp\/v2\/users\/2"}],"replies":[{"embeddable":true,"href":"https:\/\/www.rosarioalerta.com.ar\/site\/wp-json\/wp\/v2\/comments?post=31343"}],"version-history":[{"count":1,"href":"https:\/\/www.rosarioalerta.com.ar\/site\/wp-json\/wp\/v2\/posts\/31343\/revisions"}],"predecessor-version":[{"id":31345,"href":"https:\/\/www.rosarioalerta.com.ar\/site\/wp-json\/wp\/v2\/posts\/31343\/revisions\/31345"}],"wp:featuredmedia":[{"embeddable":true,"href":"https:\/\/www.rosarioalerta.com.ar\/site\/wp-json\/wp\/v2\/media\/31344"}],"wp:attachment":[{"href":"https:\/\/www.rosarioalerta.com.ar\/site\/wp-json\/wp\/v2\/media?parent=31343"}],"wp:term":[{"taxonomy":"category","embeddable":true,"href":"https:\/\/www.rosarioalerta.com.ar\/site\/wp-json\/wp\/v2\/categories?post=31343"},{"taxonomy":"post_tag","embeddable":true,"href":"https:\/\/www.rosarioalerta.com.ar\/site\/wp-json\/wp\/v2\/tags?post=31343"}],"curies":[{"name":"wp","href":"https:\/\/api.w.org\/{rel}","templated":true}]}}