{"id":31336,"date":"2026-03-08T12:04:31","date_gmt":"2026-03-08T15:04:31","guid":{"rendered":"https:\/\/www.rosarioalerta.com.ar\/site\/?p=31336"},"modified":"2026-03-08T12:04:32","modified_gmt":"2026-03-08T15:04:32","slug":"el-infierno-especialistas-de-la-onu-recorrieron-la-nueva-carcel-de-maxima-seguridad","status":"publish","type":"post","link":"https:\/\/www.rosarioalerta.com.ar\/site\/archivos\/31336","title":{"rendered":"\u201cEl Infierno\u201d: especialistas de la ONU recorrieron la nueva c\u00e1rcel de m\u00e1xima seguridad"},"content":{"rendered":"\n<p>El penal forma parte de la estrategia provincial para aislar a l\u00edderes del crimen organizado<\/p>\n\n\n\n<p>Especialistas en seguridad penitenciaria de <strong>organismos internacionales<\/strong> y funcionarios de sistemas carcelarios de <strong>Argentina y Brasil<\/strong> recorrieron esta semana la obra de \u201c<strong>El Infierno<\/strong>\u201d, la <strong>nueva c\u00e1rcel de m\u00e1xima seguridad que la provincia de Santa Fe construye en Pi\u00f1ero<\/strong>, cerca de Rosario. La visita se realiz\u00f3 durante un taller organizado por la Oficina de las Naciones Unidas contra la Droga y el Delito para analizar estrategias frente al crimen organizado y el control dentro de las c\u00e1rceles.<\/p>\n\n\n\n<p>El complejo penitenciario est\u00e1 destinado a alojar a internos considerados de alta peligrosidad y forma parte de la pol\u00edtica provincial para aislar a l\u00edderes criminales que contin\u00faan operando desde prisi\u00f3n.<\/p>\n\n\n\n<p>La obra presenta actualmente un avance cercano al 50 % y se estima que estar\u00e1 finalizada hacia fines de este a\u00f1o. El establecimiento tendr\u00e1 <strong>capacidad para 1152 internos<\/strong>, distribuidos en<strong> pabellones de 48<\/strong> <strong>detenidos cada uno<\/strong>.<\/p>\n\n\n\n<p>El dise\u00f1o fue pensado para reforzar el aislamiento y el control de presos considerados de alto perfil criminal. La estructura busca limitar al m\u00e1ximo la comunicaci\u00f3n de los reclusos con el exterior y evitar que mantengan v\u00ednculos con organizaciones delictivas.<\/p>\n\n\n\n<p>Seg\u00fan explicaron las autoridades provinciales, se trata de un modelo penitenciario distinto al de las c\u00e1rceles tradicionales.<\/p>\n\n\n\n<p>La secretaria de Asuntos Penales del Ministerio de Justicia y Seguridad de Santa Fe, <strong>Luc\u00eda Masneri<\/strong>, se\u00f1al\u00f3 que la infraestructura fue dise\u00f1ada en funci\u00f3n del contexto criminal que atraviesa la provincia.<\/p>\n\n\n\n<p><strong><em>\u201cLa estructura est\u00e1 pensada a la medida de los problemas de violencia que tuvo Santa Fe. El objetivo es maximizar el aislamiento de personas que causaron graves da\u00f1os a la sociedad y que, incluso detenidas, continuaron cometiendo delitos\u201d,<\/em><\/strong> afirm\u00f3.<\/p>\n\n\n\n<p>Por su parte, el secretario de la Unidad Ejecutora del proyecto, <strong>Diego Leone,<\/strong> explic\u00f3 que la construcci\u00f3n implica un desaf\u00edo t\u00e9cnico por la participaci\u00f3n de varias empresas en la obra.<\/p>\n\n\n\n<p><strong><em>\u201cEso permite avanzar con mayor velocidad, pero tambi\u00e9n requiere coordinar materiales y sistemas que deben unificarse en los 24 pabellones para garantizar el funcionamiento del complejo\u201d,<\/em><\/strong> indic\u00f3.<\/p>\n\n\n\n<p>La recorrida se realiz\u00f3 como cierre de un taller desarrollado en la Escuela Penitenciaria de Santa Fe, donde se debati\u00f3 la evoluci\u00f3n del crimen organizado y las estrategias para limitar su influencia dentro de los sistemas carcelarios.<\/p>\n\n\n\n<p>Entre los participantes estuvieron <strong>Jeremie Swinnen<\/strong>, representante en Argentina de la Oficina de Asuntos Internacionales de Narc\u00f3ticos y Aplicaci\u00f3n de la Ley de Estados Unidos; <strong>Gonzalo Escalante<\/strong>, coordinador penitenciario de la ONU; el subprefecto <strong>David Almir\u00f3n<\/strong>, del Servicio Penitenciario Federal; y <strong>Leandro Z\u00e1ccaro Garc\u00eda<\/strong>, de la Polic\u00eda Penal Federal de Brasil.<\/p>\n\n\n\n<p>Tambi\u00e9n participaron autoridades provinciales como <strong>Virginia Villar y Ramiro Galassi.<\/strong><\/p>\n\n\n\n<p>Desde el gobierno santafesino sostienen que el complejo ser\u00e1 una pieza clave para cortar la comunicaci\u00f3n entre los jefes de organizaciones criminales detenidos y las estructuras delictivas que operan fuera de las c\u00e1rceles<\/p>\n<div class=\"newspaper-x-tags\"><strong>TAGS: <\/strong><span><a href=\"https:\/\/www.rosarioalerta.com.ar\/site\/archivos\/tag\/el-infierno\" rel=\"tag\">El Infierno<\/a><\/span><a href=\"https:\/\/www.rosarioalerta.com.ar\/site\/archivos\/tag\/noticias-de-pinero\" rel=\"tag\">Noticias de Pi\u00f1ero<\/a><\/span><a href=\"https:\/\/www.rosarioalerta.com.ar\/site\/archivos\/tag\/noticias-de-rosario\" rel=\"tag\">Noticias de Rosario<\/a><\/span><a href=\"https:\/\/www.rosarioalerta.com.ar\/site\/archivos\/tag\/pinero\" rel=\"tag\">Pi\u00f1ero<\/a><\/span><a href=\"https:\/\/www.rosarioalerta.com.ar\/site\/archivos\/tag\/rosario\" rel=\"tag\">Rosario<\/a><\/span><a href=\"https:\/\/www.rosarioalerta.com.ar\/site\/archivos\/tag\/santa-fe\" rel=\"tag\">Santa Fe<\/a> <\/div>","protected":false},"excerpt":{"rendered":"<p>El penal forma parte de la estrategia provincial para aislar a l\u00edderes del crimen organizado Especialistas en seguridad penitenciaria de organismos internacionales y funcionarios de sistemas carcelarios de Argentina y Brasil recorrieron esta semana la obra de \u201cEl Infierno\u201d, la nueva c\u00e1rcel de m\u00e1xima seguridad que la provincia de Santa Fe construye en Pi\u00f1ero, cerca [&hellip;]<\/p>\n","protected":false},"author":2,"featured_media":31337,"comment_status":"open","ping_status":"open","sticky":false,"template":"","format":"standard","meta":{"_joinchat":[],"footnotes":""},"categories":[18,21],"tags":[1365,326,95,325,55,65],"class_list":["post-31336","post","type-post","status-publish","format-standard","has-post-thumbnail","hentry","category-institucional","category-noticias","tag-el-infierno","tag-noticias-de-pinero","tag-noticias-de-rosario","tag-pinero","tag-rosario","tag-santa-fe"],"_links":{"self":[{"href":"https:\/\/www.rosarioalerta.com.ar\/site\/wp-json\/wp\/v2\/posts\/31336","targetHints":{"allow":["GET"]}}],"collection":[{"href":"https:\/\/www.rosarioalerta.com.ar\/site\/wp-json\/wp\/v2\/posts"}],"about":[{"href":"https:\/\/www.rosarioalerta.com.ar\/site\/wp-json\/wp\/v2\/types\/post"}],"author":[{"embeddable":true,"href":"https:\/\/www.rosarioalerta.com.ar\/site\/wp-json\/wp\/v2\/users\/2"}],"replies":[{"embeddable":true,"href":"https:\/\/www.rosarioalerta.com.ar\/site\/wp-json\/wp\/v2\/comments?post=31336"}],"version-history":[{"count":1,"href":"https:\/\/www.rosarioalerta.com.ar\/site\/wp-json\/wp\/v2\/posts\/31336\/revisions"}],"predecessor-version":[{"id":31338,"href":"https:\/\/www.rosarioalerta.com.ar\/site\/wp-json\/wp\/v2\/posts\/31336\/revisions\/31338"}],"wp:featuredmedia":[{"embeddable":true,"href":"https:\/\/www.rosarioalerta.com.ar\/site\/wp-json\/wp\/v2\/media\/31337"}],"wp:attachment":[{"href":"https:\/\/www.rosarioalerta.com.ar\/site\/wp-json\/wp\/v2\/media?parent=31336"}],"wp:term":[{"taxonomy":"category","embeddable":true,"href":"https:\/\/www.rosarioalerta.com.ar\/site\/wp-json\/wp\/v2\/categories?post=31336"},{"taxonomy":"post_tag","embeddable":true,"href":"https:\/\/www.rosarioalerta.com.ar\/site\/wp-json\/wp\/v2\/tags?post=31336"}],"curies":[{"name":"wp","href":"https:\/\/api.w.org\/{rel}","templated":true}]}}