{"id":31333,"date":"2026-03-08T11:55:31","date_gmt":"2026-03-08T14:55:31","guid":{"rendered":"https:\/\/www.rosarioalerta.com.ar\/site\/?p=31333"},"modified":"2026-03-08T11:55:39","modified_gmt":"2026-03-08T14:55:39","slug":"crimen-en-luduena","status":"publish","type":"post","link":"https:\/\/www.rosarioalerta.com.ar\/site\/archivos\/31333","title":{"rendered":"Crimen en Ludue\u00f1a"},"content":{"rendered":"\n<p>Se trata de un joven con antecedentes penales y problemas de consumo<\/p>\n\n\n\n<p><strong>Franco David Beltr\u00e1n<\/strong> fue hallado sin vida en la v\u00eda p\u00fablica tras recibir disparos en la zona noroeste de la ciudad. Hab\u00eda sido detenido semanas atr\u00e1s en un procedimiento policial con secuestro de un arma de fuego.<\/p>\n\n\n\n<p><strong>Beltr\u00e1n<\/strong> fue asesinado a tiros ayer pasadas las 22, en <strong>Campbell al 1500 bis<\/strong>, en la zona noroeste de <strong>Rosario<\/strong>. La polic\u00eda acudi\u00f3 al lugar tras un llamado a la <strong>Central de Emergencias del 911<\/strong>, que alertaba sobre una persona herida por arma de fuego. Al llegar, los agentes encontraron a la v\u00edctima tendida en la v\u00eda p\u00fablica. Minutos despu\u00e9s, personal del <strong>SIES<\/strong> confirm\u00f3 su deceso.<\/p>\n\n\n\n<p>Las actuaciones iniciales fueron trasladadas a la <strong>Comisar\u00eda 20\u00ba<\/strong> de <strong>Rosario<\/strong>, con intervenci\u00f3n de la fiscal\u00eda correspondiente.<\/p>\n\n\n\n<p>Fuentes policiales indicaron que <strong>Beltr\u00e1n<\/strong> ten\u00eda antecedentes recientes vinculados a un procedimiento con armas. El pasado <strong>14 de febrero<\/strong>, el hombre hab\u00eda sido detenido en <strong>San Cayetano al 1500<\/strong>, donde personal policial le secuestr\u00f3 un arma de fuego durante un operativo.<\/p>\n\n\n\n<p>Adem\u00e1s, seg\u00fan registros oficiales, familiares hab\u00edan realizado denuncias previas relacionadas con situaciones de consumo problem\u00e1tico de estupefacientes.<\/p>\n\n\n\n<p>Estos antecedentes forman parte de la informaci\u00f3n que analizan los investigadores para reconstruir el contexto previo al homicidio.<\/p>\n\n\n\n<p>La Polic\u00eda lleva adelante las primeras tareas investigativas para determinar c\u00f3mo ocurri\u00f3 el ataque y qui\u00e9nes participaron. Entre las medidas dispuestas se realizan relevamientos en la zona, toma de testimonios a vecinos y an\u00e1lisis de posibles registros de c\u00e1maras de seguridad cercanas.<\/p>\n\n\n\n<p>Por el momento no se informaron personas detenidas en relaci\u00f3n con el caso. El homicidio se encuentra en etapa inicial de investigaci\u00f3n. Los peritajes y las declaraciones que puedan surgir en las pr\u00f3ximas horas ser\u00e1n clave para establecer la mec\u00e1nica del ataque y avanzar en la identificaci\u00f3n de los responsables.<\/p>\n<div class=\"newspaper-x-tags\"><strong>TAGS: <\/strong><span><a href=\"https:\/\/www.rosarioalerta.com.ar\/site\/archivos\/tag\/noticias-de-rosario\" rel=\"tag\">Noticias de Rosario<\/a><\/span><a href=\"https:\/\/www.rosarioalerta.com.ar\/site\/archivos\/tag\/rosario\" rel=\"tag\">Rosario<\/a><\/span><a href=\"https:\/\/www.rosarioalerta.com.ar\/site\/archivos\/tag\/santa-fe\" rel=\"tag\">Santa Fe<\/a> <\/div>","protected":false},"excerpt":{"rendered":"<p>Se trata de un joven con antecedentes penales y problemas de consumo Franco David Beltr\u00e1n fue hallado sin vida en la v\u00eda p\u00fablica tras recibir disparos en la zona noroeste de la ciudad. Hab\u00eda sido detenido semanas atr\u00e1s en un procedimiento policial con secuestro de un arma de fuego. Beltr\u00e1n fue asesinado a tiros ayer [&hellip;]<\/p>\n","protected":false},"author":2,"featured_media":31334,"comment_status":"open","ping_status":"open","sticky":false,"template":"","format":"standard","meta":{"_joinchat":[],"footnotes":""},"categories":[15,17,6,21,14],"tags":[95,55,65],"class_list":["post-31333","post","type-post","status-publish","format-standard","has-post-thumbnail","hentry","category-balaceras","category-heridos","category-homicidios","category-noticias","category-policiales","tag-noticias-de-rosario","tag-rosario","tag-santa-fe"],"_links":{"self":[{"href":"https:\/\/www.rosarioalerta.com.ar\/site\/wp-json\/wp\/v2\/posts\/31333","targetHints":{"allow":["GET"]}}],"collection":[{"href":"https:\/\/www.rosarioalerta.com.ar\/site\/wp-json\/wp\/v2\/posts"}],"about":[{"href":"https:\/\/www.rosarioalerta.com.ar\/site\/wp-json\/wp\/v2\/types\/post"}],"author":[{"embeddable":true,"href":"https:\/\/www.rosarioalerta.com.ar\/site\/wp-json\/wp\/v2\/users\/2"}],"replies":[{"embeddable":true,"href":"https:\/\/www.rosarioalerta.com.ar\/site\/wp-json\/wp\/v2\/comments?post=31333"}],"version-history":[{"count":1,"href":"https:\/\/www.rosarioalerta.com.ar\/site\/wp-json\/wp\/v2\/posts\/31333\/revisions"}],"predecessor-version":[{"id":31335,"href":"https:\/\/www.rosarioalerta.com.ar\/site\/wp-json\/wp\/v2\/posts\/31333\/revisions\/31335"}],"wp:featuredmedia":[{"embeddable":true,"href":"https:\/\/www.rosarioalerta.com.ar\/site\/wp-json\/wp\/v2\/media\/31334"}],"wp:attachment":[{"href":"https:\/\/www.rosarioalerta.com.ar\/site\/wp-json\/wp\/v2\/media?parent=31333"}],"wp:term":[{"taxonomy":"category","embeddable":true,"href":"https:\/\/www.rosarioalerta.com.ar\/site\/wp-json\/wp\/v2\/categories?post=31333"},{"taxonomy":"post_tag","embeddable":true,"href":"https:\/\/www.rosarioalerta.com.ar\/site\/wp-json\/wp\/v2\/tags?post=31333"}],"curies":[{"name":"wp","href":"https:\/\/api.w.org\/{rel}","templated":true}]}}