{"id":31323,"date":"2026-03-07T10:33:53","date_gmt":"2026-03-07T13:33:53","guid":{"rendered":"https:\/\/www.rosarioalerta.com.ar\/site\/?p=31323"},"modified":"2026-03-07T10:33:54","modified_gmt":"2026-03-07T13:33:54","slug":"trasladaron-desde-corrientes-a-un-hombre-detenido-por-abuso-sexual","status":"publish","type":"post","link":"https:\/\/www.rosarioalerta.com.ar\/site\/archivos\/31323","title":{"rendered":"Trasladaron desde Corrientes a un hombre detenido por abuso sexual"},"content":{"rendered":"\n<p>El imputado fue detenido en Ituzaing\u00f3 y trasladado por la Polic\u00eda de Investigaciones<\/p>\n\n\n\n<p>Un hombre de 36 a\u00f1os fue trasladado desde la provincia de <strong>Corrientes<\/strong> a <strong>Rosario<\/strong> en el marco de una causa judicial por a<strong>buso sexual con acceso carnal<\/strong>. El procedimiento se realiz\u00f3 en los \u00faltimos d\u00edas por personal de la <strong>Polic\u00eda de Investigaciones<\/strong> (PDI), que llev\u00f3 al imputado desde la ciudad de <strong>Ituzaing\u00f3<\/strong> hasta <strong>Santa Fe<\/strong> para que contin\u00fae a disposici\u00f3n de la justicia local.<\/p>\n\n\n\n<p>La investigaci\u00f3n est\u00e1 a cargo de la fiscal <em>Julia Feldman<\/em>, del Ministerio P\u00fablico de la Acusaci\u00f3n (MPA), quien dirige las actuaciones en la Fiscal\u00eda Regional 2.<\/p>\n\n\n\n<p>Seg\u00fan informaron fuentes oficiales, el sospechoso fue identificado como <strong>Roberto E. K de 36 a\u00f1os<\/strong>. El hombre hab\u00eda sido detenido el lunes pasado durante un allanamiento realizado en su domicilio en la ciudad correntina de Ituzaing\u00f3.<\/p>\n\n\n\n<p>Tras la detenci\u00f3n, qued\u00f3 alojado en la <strong>Comisar\u00eda 1\u00ba<\/strong> de esa localidad, a la espera de las disposiciones judiciales correspondientes.<\/p>\n\n\n\n<p>Posteriormente, una comisi\u00f3n de la <strong>Agencia de Investigaciones sobre Trata de Personas y Violencia de G\u00e9nero Regi\u00f3n 2<\/strong>, dependiente de la <strong>PDI<\/strong>, viaj\u00f3 hasta <strong>Corrientes<\/strong> para concretar el traslado del imputado hacia <strong>Rosario<\/strong>.<\/p>\n\n\n\n<p>La causa se tramita en la Fiscal\u00eda Regional 2 del MPA, donde se investigan hechos vinculados a abuso sexual con acceso carnal. En ese contexto, la fiscal\u00eda solicit\u00f3 el traslado del detenido para avanzar con las actuaciones judiciales y los procedimientos procesales correspondientes.<\/p>\n\n\n\n<p>El operativo se realiz\u00f3 en coordinaci\u00f3n entre las autoridades policiales de ambas provincias, lo que permiti\u00f3 concretar el traslado del sospechoso bajo custodia policial.<\/p>\n\n\n\n<p>Las investigaciones vinculadas a delitos contra la integridad sexual suelen requerir medidas judiciales y operativos coordinados entre distintas jurisdicciones, especialmente cuando los imputados se encuentran fuera de la provincia donde se tramita la causa.<\/p>\n\n\n\n<p>En este caso, la detenci\u00f3n previa y el traslado posterior se realizaron en el marco de una orden judicial vinculada a la causa que se desarrolla en Rosario.<\/p>\n\n\n\n<p>Las autoridades no brindaron detalles adicionales sobre el avance de la causa debido a la naturaleza de los delitos investigados.<\/p>\n<div class=\"newspaper-x-tags\"><strong>TAGS: <\/strong><span><a href=\"https:\/\/www.rosarioalerta.com.ar\/site\/archivos\/tag\/corrientes\" rel=\"tag\">Corrientes<\/a><\/span><a href=\"https:\/\/www.rosarioalerta.com.ar\/site\/archivos\/tag\/noticias-de-corrientes\" rel=\"tag\">Noticias de Corrientes<\/a><\/span><a href=\"https:\/\/www.rosarioalerta.com.ar\/site\/archivos\/tag\/noticias-de-rosario\" rel=\"tag\">Noticias de Rosario<\/a><\/span><a href=\"https:\/\/www.rosarioalerta.com.ar\/site\/archivos\/tag\/rosario\" rel=\"tag\">Rosario<\/a><\/span><a href=\"https:\/\/www.rosarioalerta.com.ar\/site\/archivos\/tag\/santa-fe\" rel=\"tag\">Santa Fe<\/a> <\/div>","protected":false},"excerpt":{"rendered":"<p>El imputado fue detenido en Ituzaing\u00f3 y trasladado por la Polic\u00eda de Investigaciones Un hombre de 36 a\u00f1os fue trasladado desde la provincia de Corrientes a Rosario en el marco de una causa judicial por abuso sexual con acceso carnal. El procedimiento se realiz\u00f3 en los \u00faltimos d\u00edas por personal de la Polic\u00eda de Investigaciones [&hellip;]<\/p>\n","protected":false},"author":2,"featured_media":31324,"comment_status":"open","ping_status":"open","sticky":false,"template":"","format":"standard","meta":{"_joinchat":[],"footnotes":""},"categories":[12,7,11,21,14],"tags":[1270,1271,95,55,65],"class_list":["post-31323","post","type-post","status-publish","format-standard","has-post-thumbnail","hentry","category-allanamientos","category-delitos-sexuales","category-detenidos","category-noticias","category-policiales","tag-corrientes","tag-noticias-de-corrientes","tag-noticias-de-rosario","tag-rosario","tag-santa-fe"],"_links":{"self":[{"href":"https:\/\/www.rosarioalerta.com.ar\/site\/wp-json\/wp\/v2\/posts\/31323","targetHints":{"allow":["GET"]}}],"collection":[{"href":"https:\/\/www.rosarioalerta.com.ar\/site\/wp-json\/wp\/v2\/posts"}],"about":[{"href":"https:\/\/www.rosarioalerta.com.ar\/site\/wp-json\/wp\/v2\/types\/post"}],"author":[{"embeddable":true,"href":"https:\/\/www.rosarioalerta.com.ar\/site\/wp-json\/wp\/v2\/users\/2"}],"replies":[{"embeddable":true,"href":"https:\/\/www.rosarioalerta.com.ar\/site\/wp-json\/wp\/v2\/comments?post=31323"}],"version-history":[{"count":1,"href":"https:\/\/www.rosarioalerta.com.ar\/site\/wp-json\/wp\/v2\/posts\/31323\/revisions"}],"predecessor-version":[{"id":31325,"href":"https:\/\/www.rosarioalerta.com.ar\/site\/wp-json\/wp\/v2\/posts\/31323\/revisions\/31325"}],"wp:featuredmedia":[{"embeddable":true,"href":"https:\/\/www.rosarioalerta.com.ar\/site\/wp-json\/wp\/v2\/media\/31324"}],"wp:attachment":[{"href":"https:\/\/www.rosarioalerta.com.ar\/site\/wp-json\/wp\/v2\/media?parent=31323"}],"wp:term":[{"taxonomy":"category","embeddable":true,"href":"https:\/\/www.rosarioalerta.com.ar\/site\/wp-json\/wp\/v2\/categories?post=31323"},{"taxonomy":"post_tag","embeddable":true,"href":"https:\/\/www.rosarioalerta.com.ar\/site\/wp-json\/wp\/v2\/tags?post=31323"}],"curies":[{"name":"wp","href":"https:\/\/api.w.org\/{rel}","templated":true}]}}