{"id":31301,"date":"2026-03-06T13:56:18","date_gmt":"2026-03-06T16:56:18","guid":{"rendered":"https:\/\/www.rosarioalerta.com.ar\/site\/?p=31301"},"modified":"2026-03-06T13:56:20","modified_gmt":"2026-03-06T16:56:20","slug":"dieron-detalles-sobre-el-crimen-de-gian-y-los-detenidos","status":"publish","type":"post","link":"https:\/\/www.rosarioalerta.com.ar\/site\/archivos\/31301","title":{"rendered":"Dieron detalles sobre el crimen de Gian y los detenidos"},"content":{"rendered":"\n<p>El ataque ocurri\u00f3 el jueves por la noche en la zona sur de la ciudad<\/p>\n\n\n\n<p><strong>Gian Benjam\u00edn Mastrocola<\/strong>, era un beb\u00e9 de un a\u00f1o y muri\u00f3 tras una balacera ocurrida este jueves por la noche en calle <strong>Melincu\u00e9 al 6100<\/strong>, en la zona sur de <strong>Rosario<\/strong>. El ataque se produjo luego de una discusi\u00f3n previa entre varias personas frente a la barber\u00eda vinculada a la familia del ni\u00f1o. La investigaci\u00f3n est\u00e1 a cargo de la fiscal <strong>Agustina Eiris<\/strong>, de la Unidad de Violencias Altamente Lesivas (UVAL), y hay tres detenidos que ser\u00e1n imputados por homicidio agravado por el uso de arma de fuego.<\/p>\n\n\n\n<p>El hecho ocurri\u00f3 durante la noche, cuando personas que hab\u00edan mantenido un conflicto previo regresaron al lugar y efectuaron disparos. Uno de los proyectiles impact\u00f3 en el beb\u00e9, que falleci\u00f3 como consecuencia de la agresi\u00f3n.<\/p>\n\n\n\n<p>Seg\u00fan los primeros datos de la investigaci\u00f3n, el episodio tuvo dos momentos. En una primera instancia, dos personas llegaron en un veh\u00edculo y mantuvieron una discusi\u00f3n con una persona conocida de la zona, ajena a la familia de la v\u00edctima, hijo del due\u00f1o de la barber\u00eda.<\/p>\n\n\n\n<p>Tras ese altercado, se retiraron del lugar. Minutos despu\u00e9s regresaron, esta vez acompa\u00f1ados por m\u00e1s personas que se movilizaban en un auto y una motocicleta. En ese momento se produjeron varias detonaciones de arma de fuego. En medio del ataque, uno de los disparos alcanz\u00f3 al beb\u00e9 que se encontraba jugando en la calle junto a otras personas.<\/p>\n\n\n\n<p>La fiscal <strong>Agustina Eiris<\/strong> confirm\u00f3 que tres personas fueron detenidas y que todo indica que una de ellas habr\u00eda sido quien efectu\u00f3 los disparos.<\/p>\n\n\n\n<p>Los sospechosos ser\u00e1n llevados a audiencia imputativa por el delito de homicidio agravado por el uso de arma de fuego en calidad de coautores. La audiencia fue solicitada para el lunes, aunque a\u00fan no se confirm\u00f3 el horario.<\/p>\n\n\n\n<p>Durante los procedimientos, los investigadores secuestraron dos armas de fuego. Una de ellas fue encontrada en la misma cuadra donde ocurri\u00f3 el ataque y ser\u00eda, en principio, el arma utilizada en el crimen.<\/p>\n\n\n\n<p>La fiscal <strong>Eiris<\/strong> explic\u00f3 que el hecho se investiga como consecuencia de un conflicto entre personas conocidas. <strong><em>\u201cEn principio, se tratar\u00eda de un conflicto interpersonal. Todav\u00eda estamos investigando los pormenores de esa discusi\u00f3n\u201d<\/em><\/strong>, se\u00f1al\u00f3 la funcionaria judicial.<\/p>\n\n\n\n<p>Tambi\u00e9n indic\u00f3 que se est\u00e1n analizando c\u00e1maras de seguridad de la zona y se esperan peritajes bal\u00edsticos para determinar la mec\u00e1nica exacta del ataque.<\/p>\n\n\n\n<p>En paralelo, otras dos personas fueron demoradas en el lugar, aunque no est\u00e1n vinculadas directamente con el homicidio y quedaron a disposici\u00f3n de la fiscal\u00eda de flagrancia por otros hechos.<\/p>\n\n\n\n<p>Adem\u00e1s, durante el operativo secuestraron otra arma de fuego junto con material estupefaciente, elementos que tambi\u00e9n ser\u00e1n analizados para establecer su procedencia.<\/p>\n\n\n\n<p>La investigaci\u00f3n contin\u00faa en curso y la fiscal\u00eda busca determinar la participaci\u00f3n exacta de cada uno de los detenidos y el motivo que desencaden\u00f3 la balacera. Asimismo, la familia pide la detenci\u00f3n del sujeto involucrado, al cual estar\u00eda dirigido el ataque, que le quit\u00f3 la vida a Gian, se\u00f1alando que es parte de lo ocurrido, que si no hubiese aparecido, la criatura seguir\u00eda con vida<\/p>\n<div class=\"newspaper-x-tags\"><strong>TAGS: <\/strong><span><a href=\"https:\/\/www.rosarioalerta.com.ar\/site\/archivos\/tag\/gian-benjamin-mastrocola\" rel=\"tag\">Gian Benjam\u00edn Mastrocola<\/a><\/span><a href=\"https:\/\/www.rosarioalerta.com.ar\/site\/archivos\/tag\/noticias-de-rosario\" rel=\"tag\">Noticias de Rosario<\/a><\/span><a href=\"https:\/\/www.rosarioalerta.com.ar\/site\/archivos\/tag\/rosario\" rel=\"tag\">Rosario<\/a><\/span><a href=\"https:\/\/www.rosarioalerta.com.ar\/site\/archivos\/tag\/santa-fe\" rel=\"tag\">Santa Fe<\/a> <\/div>","protected":false},"excerpt":{"rendered":"<p>El ataque ocurri\u00f3 el jueves por la noche en la zona sur de la ciudad Gian Benjam\u00edn Mastrocola, era un beb\u00e9 de un a\u00f1o y muri\u00f3 tras una balacera ocurrida este jueves por la noche en calle Melincu\u00e9 al 6100, en la zona sur de Rosario. El ataque se produjo luego de una discusi\u00f3n previa [&hellip;]<\/p>\n","protected":false},"author":2,"featured_media":31302,"comment_status":"open","ping_status":"open","sticky":false,"template":"","format":"standard","meta":{"_joinchat":[],"footnotes":""},"categories":[15,11,17,6,13,21,14],"tags":[2014,95,55,65],"class_list":["post-31301","post","type-post","status-publish","format-standard","has-post-thumbnail","hentry","category-balaceras","category-detenidos","category-heridos","category-homicidios","category-judiciales","category-noticias","category-policiales","tag-gian-benjamin-mastrocola","tag-noticias-de-rosario","tag-rosario","tag-santa-fe"],"_links":{"self":[{"href":"https:\/\/www.rosarioalerta.com.ar\/site\/wp-json\/wp\/v2\/posts\/31301","targetHints":{"allow":["GET"]}}],"collection":[{"href":"https:\/\/www.rosarioalerta.com.ar\/site\/wp-json\/wp\/v2\/posts"}],"about":[{"href":"https:\/\/www.rosarioalerta.com.ar\/site\/wp-json\/wp\/v2\/types\/post"}],"author":[{"embeddable":true,"href":"https:\/\/www.rosarioalerta.com.ar\/site\/wp-json\/wp\/v2\/users\/2"}],"replies":[{"embeddable":true,"href":"https:\/\/www.rosarioalerta.com.ar\/site\/wp-json\/wp\/v2\/comments?post=31301"}],"version-history":[{"count":1,"href":"https:\/\/www.rosarioalerta.com.ar\/site\/wp-json\/wp\/v2\/posts\/31301\/revisions"}],"predecessor-version":[{"id":31303,"href":"https:\/\/www.rosarioalerta.com.ar\/site\/wp-json\/wp\/v2\/posts\/31301\/revisions\/31303"}],"wp:featuredmedia":[{"embeddable":true,"href":"https:\/\/www.rosarioalerta.com.ar\/site\/wp-json\/wp\/v2\/media\/31302"}],"wp:attachment":[{"href":"https:\/\/www.rosarioalerta.com.ar\/site\/wp-json\/wp\/v2\/media?parent=31301"}],"wp:term":[{"taxonomy":"category","embeddable":true,"href":"https:\/\/www.rosarioalerta.com.ar\/site\/wp-json\/wp\/v2\/categories?post=31301"},{"taxonomy":"post_tag","embeddable":true,"href":"https:\/\/www.rosarioalerta.com.ar\/site\/wp-json\/wp\/v2\/tags?post=31301"}],"curies":[{"name":"wp","href":"https:\/\/api.w.org\/{rel}","templated":true}]}}