{"id":31298,"date":"2026-03-06T13:43:33","date_gmt":"2026-03-06T16:43:33","guid":{"rendered":"https:\/\/www.rosarioalerta.com.ar\/site\/?p=31298"},"modified":"2026-03-06T13:43:36","modified_gmt":"2026-03-06T16:43:36","slug":"detienen-a-un-joven-dominicano-tras-balear-a-una-mujer","status":"publish","type":"post","link":"https:\/\/www.rosarioalerta.com.ar\/site\/archivos\/31298","title":{"rendered":"Detienen a un joven dominicano tras balear a una mujer"},"content":{"rendered":"\n<p>El procedimiento fue realizado por la <strong>Polic\u00eda de Investigaciones<\/strong> en el marco de una causa por una joven baleada en febrero en la zona sur<\/p>\n\n\n\n<p>Una joven de 18 a\u00f1os result\u00f3 herida de bala <strong>el 7 de febrero por la tarde<\/strong> en la zona de <strong>Mil\u00e1n al 2100<\/strong>, de <strong>Rosario<\/strong>, y tras una investigaci\u00f3n la <strong>Polic\u00eda de Investigaciones<\/strong> (PDI) detuvo a un joven de la misma edad se\u00f1alado por su presunta participaci\u00f3n en el hecho. El procedimiento se realiz\u00f3 en el marco de una causa que investiga la fiscal Marisol Riccardo, de la Unidad de Violencia Altamente Lesiva (UVAL).<\/p>\n\n\n\n<p>La v\u00edctima de 18 a\u00f1os, seg\u00fan la reconstrucci\u00f3n del caso, la joven recibi\u00f3 el impacto de un proyectil mientras se encontraba en la v\u00eda p\u00fablica, cerca de la intersecci\u00f3n de <strong>Mil\u00e1n y Balcarce<\/strong>, alrededor de las 17.<\/p>\n\n\n\n<p>De acuerdo con las primeras averiguaciones, el disparo se produjo cuando dos j\u00f3venes manipulaban un arma de fuego en la zona. En esas circunstancias, el arma se habr\u00eda accionado de manera accidental y el proyectil impact\u00f3 en la joven que estaba en el lugar.<\/p>\n\n\n\n<p>Tras el hecho, la v\u00edctima fue asistida y el episodio qued\u00f3 bajo investigaci\u00f3n de la fiscal\u00eda especializada en violencia altamente lesiva.<\/p>\n\n\n\n<p>Efectivos de la <strong>Polic\u00eda de Investigaciones<\/strong> realizaron recorridas en el barrio y tomaron testimonios a vecinos y personas que se encontraban en la zona al momento del hecho. Los datos reunidos permitieron avanzar en la identificaci\u00f3n de uno de los presuntos involucrados. Con esa informaci\u00f3n, y tras la consulta con la fiscal interviniente, se dispuso la detenci\u00f3n de de este sujeto de 18 a\u00f1os y de nacionalidad dominicana.<\/p>\n\n\n\n<p>Durante el mismo tambi\u00e9n fueron demoradas otras tres personas de 26, 28 y 31 a\u00f1os, tambi\u00e9n dominicanos<\/p>\n\n\n\n<p>En el operativo, los agentes secuestraron un rev\u00f3lver calibre 22 con municiones y un celular, elementos que ser\u00e1n sometidos a peritajes para determinar su vinculaci\u00f3n con el episodio.<\/p>\n\n\n\n<p>Desde la fiscal\u00eda ordenaron adem\u00e1s la identificaci\u00f3n de los demorados y la verificaci\u00f3n de antecedentes, mientras contin\u00faa la investigaci\u00f3n para establecer con precisi\u00f3n la mec\u00e1nica del disparo.<\/p>\n\n\n\n<p>La causa sigue en curso y no se descartan nuevas medidas judiciales en funci\u00f3n de los resultados de las pericias.<\/p>\n<div class=\"newspaper-x-tags\"><strong>TAGS: <\/strong><span><a href=\"https:\/\/www.rosarioalerta.com.ar\/site\/archivos\/tag\/noticias-de-rosario\" rel=\"tag\">Noticias de Rosario<\/a><\/span><a href=\"https:\/\/www.rosarioalerta.com.ar\/site\/archivos\/tag\/rosario\" rel=\"tag\">Rosario<\/a><\/span><a href=\"https:\/\/www.rosarioalerta.com.ar\/site\/archivos\/tag\/santa-fe\" rel=\"tag\">Santa Fe<\/a> <\/div>","protected":false},"excerpt":{"rendered":"<p>El procedimiento fue realizado por la Polic\u00eda de Investigaciones en el marco de una causa por una joven baleada en febrero en la zona sur Una joven de 18 a\u00f1os result\u00f3 herida de bala el 7 de febrero por la tarde en la zona de Mil\u00e1n al 2100, de Rosario, y tras una investigaci\u00f3n la [&hellip;]<\/p>\n","protected":false},"author":2,"featured_media":31299,"comment_status":"open","ping_status":"open","sticky":false,"template":"","format":"standard","meta":{"_joinchat":[],"footnotes":""},"categories":[12,11,21,14],"tags":[95,55,65],"class_list":["post-31298","post","type-post","status-publish","format-standard","has-post-thumbnail","hentry","category-allanamientos","category-detenidos","category-noticias","category-policiales","tag-noticias-de-rosario","tag-rosario","tag-santa-fe"],"_links":{"self":[{"href":"https:\/\/www.rosarioalerta.com.ar\/site\/wp-json\/wp\/v2\/posts\/31298","targetHints":{"allow":["GET"]}}],"collection":[{"href":"https:\/\/www.rosarioalerta.com.ar\/site\/wp-json\/wp\/v2\/posts"}],"about":[{"href":"https:\/\/www.rosarioalerta.com.ar\/site\/wp-json\/wp\/v2\/types\/post"}],"author":[{"embeddable":true,"href":"https:\/\/www.rosarioalerta.com.ar\/site\/wp-json\/wp\/v2\/users\/2"}],"replies":[{"embeddable":true,"href":"https:\/\/www.rosarioalerta.com.ar\/site\/wp-json\/wp\/v2\/comments?post=31298"}],"version-history":[{"count":1,"href":"https:\/\/www.rosarioalerta.com.ar\/site\/wp-json\/wp\/v2\/posts\/31298\/revisions"}],"predecessor-version":[{"id":31300,"href":"https:\/\/www.rosarioalerta.com.ar\/site\/wp-json\/wp\/v2\/posts\/31298\/revisions\/31300"}],"wp:featuredmedia":[{"embeddable":true,"href":"https:\/\/www.rosarioalerta.com.ar\/site\/wp-json\/wp\/v2\/media\/31299"}],"wp:attachment":[{"href":"https:\/\/www.rosarioalerta.com.ar\/site\/wp-json\/wp\/v2\/media?parent=31298"}],"wp:term":[{"taxonomy":"category","embeddable":true,"href":"https:\/\/www.rosarioalerta.com.ar\/site\/wp-json\/wp\/v2\/categories?post=31298"},{"taxonomy":"post_tag","embeddable":true,"href":"https:\/\/www.rosarioalerta.com.ar\/site\/wp-json\/wp\/v2\/tags?post=31298"}],"curies":[{"name":"wp","href":"https:\/\/api.w.org\/{rel}","templated":true}]}}