{"id":31276,"date":"2026-03-05T19:55:38","date_gmt":"2026-03-05T22:55:38","guid":{"rendered":"https:\/\/www.rosarioalerta.com.ar\/site\/?p=31276"},"modified":"2026-03-05T19:55:42","modified_gmt":"2026-03-05T22:55:42","slug":"detienen-a-un-hombre-investigado-por-violencia-de-genero","status":"publish","type":"post","link":"https:\/\/www.rosarioalerta.com.ar\/site\/archivos\/31276","title":{"rendered":"Detienen a un hombre investigado por violencia de g\u00e9nero"},"content":{"rendered":"\n<p>La Polic\u00eda de Investigaciones realiz\u00f3 un operativo por reiteraci\u00f3n de denuncias<\/p>\n\n\n\n<p>Un hombre de 29 a\u00f1os fue detenido este jueves en <strong>Rosario<\/strong> durante un allanamiento realizado en <strong>Balcarce al 4300<\/strong>, en el marco de una investigaci\u00f3n por violencia de g\u00e9nero. El procedimiento fue llevado adelante por la <strong>Polic\u00eda de Investigaciones<\/strong> (PDI) y se concret\u00f3 por orden de la fiscal <strong>Mariela Gusso<\/strong>, con autorizaci\u00f3n de la jueza penal <strong>Luciana Vallarella.<\/strong><\/p>\n\n\n\n<p>El sospechoso, identificado como <strong>Luciano M de 29 a\u00f1os<\/strong>, se encontraba en el domicilio al momento del operativo junto a otras personas. Aunque la requisa en la vivienda no arroj\u00f3 resultados positivos respecto a armas de fuego o material bal\u00edstico, la fiscal dispuso su detenci\u00f3n debido a reiteradas denuncias en su contra dentro de la causa en investigaci\u00f3n.<\/p>\n\n\n\n<p>El allanamiento fue ejecutado por agentes de la Agencia de Investigaci\u00f3n sobre Trata de Personas y Violencia de G\u00e9nero de la PDI, que intervienen en este tipo de investigaciones.<\/p>\n\n\n\n<p>Los efectivos ingresaron al domicilio con orden judicial para buscar elementos vinculados a la causa. Durante la inspecci\u00f3n, revisaron distintas \u00e1reas de la vivienda, pero no encontraron los objetos solicitados por la fiscal\u00eda.<\/p>\n\n\n\n<p>A pesar de ese resultado, tras ser informada de lo actuado, la fiscal interviniente orden\u00f3 la detenci\u00f3n del investigado, quien fue trasladado a una sede policial para continuar con las actuaciones correspondientes.<\/p>\n\n\n\n<p>Fuentes judiciales indicaron que la medida se enmarca en una investigaci\u00f3n por reiteraci\u00f3n de <strong>denuncias por violencia de g\u00e9nero<\/strong>, lo que motiv\u00f3 la solicitud de allanamiento y posterior detenci\u00f3n.<\/p>\n\n\n\n<p>El caso continuar\u00e1 con la recolecci\u00f3n de pruebas y la evaluaci\u00f3n de la situaci\u00f3n procesal del acusado en las pr\u00f3ximas instancias judiciales.<\/p>\n\n\n\n<p>Mientras tanto, en <strong>Villa Gobernador G\u00e1lvez<\/strong>, personal de la <strong>PDI<\/strong> y grupos t\u00e1cticos de la Polic\u00eda de Santa Fe realizaron <strong>cinco allanamientos<\/strong> en distintos domicilios vinculados a una investigaci\u00f3n por <strong>abuso de arma de fuego.<\/strong><\/p>\n\n\n\n<p>Durante los operativos fue trasladada para identificaci\u00f3n <strong>Gladis G de 63 a\u00f1os,<\/strong> mientras que <strong>un menor de 14 a\u00f1os<\/strong> fue derivado a la <strong>Comisar\u00eda 16<\/strong>\u00ba y qued\u00f3 a disposici\u00f3n de la fiscal de Menores, <strong>Romina Cocomazzi<\/strong>.<\/p>\n\n\n\n<p>En los procedimientos, solicitados por la Unidad de Violencia Altamente Lesiva del Ministerio P\u00fablico de la Acusaci\u00f3n, a cargo del fiscal Franco Tassini, los agentes secuestraron un arma de fuego autom\u00e1tica calibre .22 con cargador, celulares, una balanza de precisi\u00f3n, prendas de inter\u00e9s para la causa y 24.000 pesos en efectivo.<\/p>\n\n\n\n<figure class=\"wp-block-image size-large\"><img loading=\"lazy\" decoding=\"async\" width=\"1024\" height=\"576\" src=\"https:\/\/www.rosarioalerta.com.ar\/site\/wp-content\/uploads\/2026\/03\/PDI-4-1024x576.jpg\" alt=\"\" class=\"wp-image-31278\" srcset=\"https:\/\/www.rosarioalerta.com.ar\/site\/wp-content\/uploads\/2026\/03\/PDI-4-1024x576.jpg 1024w, https:\/\/www.rosarioalerta.com.ar\/site\/wp-content\/uploads\/2026\/03\/PDI-4-300x169.jpg 300w, https:\/\/www.rosarioalerta.com.ar\/site\/wp-content\/uploads\/2026\/03\/PDI-4-768x432.jpg 768w, https:\/\/www.rosarioalerta.com.ar\/site\/wp-content\/uploads\/2026\/03\/PDI-4-1536x864.jpg 1536w, https:\/\/www.rosarioalerta.com.ar\/site\/wp-content\/uploads\/2026\/03\/PDI-4.jpg 1920w\" sizes=\"auto, (max-width: 1024px) 100vw, 1024px\" \/><\/figure>\n\n\n\n<p>En Rosario, el detenido qued\u00f3 alojado en una dependencia policial mientras la fiscal\u00eda avanza con la investigaci\u00f3n por violencia de g\u00e9nero.<\/p>\n\n\n\n<p>En Villa Gobernador G\u00e1lvez, el arma y los elementos secuestrados fueron incorporados a la causa judicial. Las actuaciones contin\u00faan para determinar posibles responsabilidades en el hecho que motiv\u00f3 los allanamientos.<\/p>\n<div class=\"newspaper-x-tags\"><strong>TAGS: <\/strong><span><a href=\"https:\/\/www.rosarioalerta.com.ar\/site\/archivos\/tag\/noticias-de-rosario\" rel=\"tag\">Noticias de Rosario<\/a><\/span><a href=\"https:\/\/www.rosarioalerta.com.ar\/site\/archivos\/tag\/noticias-de-vgg\" rel=\"tag\">Noticias de VGG<\/a><\/span><a href=\"https:\/\/www.rosarioalerta.com.ar\/site\/archivos\/tag\/rosario\" rel=\"tag\">Rosario<\/a><\/span><a href=\"https:\/\/www.rosarioalerta.com.ar\/site\/archivos\/tag\/santa-fe\" rel=\"tag\">Santa Fe<\/a><\/span><a href=\"https:\/\/www.rosarioalerta.com.ar\/site\/archivos\/tag\/vgg\" rel=\"tag\">VGG<\/a> <\/div>","protected":false},"excerpt":{"rendered":"<p>La Polic\u00eda de Investigaciones realiz\u00f3 un operativo por reiteraci\u00f3n de denuncias Un hombre de 29 a\u00f1os fue detenido este jueves en Rosario durante un allanamiento realizado en Balcarce al 4300, en el marco de una investigaci\u00f3n por violencia de g\u00e9nero. El procedimiento fue llevado adelante por la Polic\u00eda de Investigaciones (PDI) y se concret\u00f3 por [&hellip;]<\/p>\n","protected":false},"author":2,"featured_media":31277,"comment_status":"open","ping_status":"open","sticky":false,"template":"","format":"standard","meta":{"_joinchat":[],"footnotes":""},"categories":[12,11,21,14],"tags":[95,94,55,65,60],"class_list":["post-31276","post","type-post","status-publish","format-standard","has-post-thumbnail","hentry","category-allanamientos","category-detenidos","category-noticias","category-policiales","tag-noticias-de-rosario","tag-noticias-de-vgg","tag-rosario","tag-santa-fe","tag-vgg"],"_links":{"self":[{"href":"https:\/\/www.rosarioalerta.com.ar\/site\/wp-json\/wp\/v2\/posts\/31276","targetHints":{"allow":["GET"]}}],"collection":[{"href":"https:\/\/www.rosarioalerta.com.ar\/site\/wp-json\/wp\/v2\/posts"}],"about":[{"href":"https:\/\/www.rosarioalerta.com.ar\/site\/wp-json\/wp\/v2\/types\/post"}],"author":[{"embeddable":true,"href":"https:\/\/www.rosarioalerta.com.ar\/site\/wp-json\/wp\/v2\/users\/2"}],"replies":[{"embeddable":true,"href":"https:\/\/www.rosarioalerta.com.ar\/site\/wp-json\/wp\/v2\/comments?post=31276"}],"version-history":[{"count":1,"href":"https:\/\/www.rosarioalerta.com.ar\/site\/wp-json\/wp\/v2\/posts\/31276\/revisions"}],"predecessor-version":[{"id":31279,"href":"https:\/\/www.rosarioalerta.com.ar\/site\/wp-json\/wp\/v2\/posts\/31276\/revisions\/31279"}],"wp:featuredmedia":[{"embeddable":true,"href":"https:\/\/www.rosarioalerta.com.ar\/site\/wp-json\/wp\/v2\/media\/31277"}],"wp:attachment":[{"href":"https:\/\/www.rosarioalerta.com.ar\/site\/wp-json\/wp\/v2\/media?parent=31276"}],"wp:term":[{"taxonomy":"category","embeddable":true,"href":"https:\/\/www.rosarioalerta.com.ar\/site\/wp-json\/wp\/v2\/categories?post=31276"},{"taxonomy":"post_tag","embeddable":true,"href":"https:\/\/www.rosarioalerta.com.ar\/site\/wp-json\/wp\/v2\/tags?post=31276"}],"curies":[{"name":"wp","href":"https:\/\/api.w.org\/{rel}","templated":true}]}}