{"id":31259,"date":"2026-03-05T11:12:28","date_gmt":"2026-03-05T14:12:28","guid":{"rendered":"https:\/\/www.rosarioalerta.com.ar\/site\/?p=31259"},"modified":"2026-03-05T11:12:36","modified_gmt":"2026-03-05T14:12:36","slug":"quedo-detenido-el-colombiano-al-que-le-secuestraron-armas-y-drogas","status":"publish","type":"post","link":"https:\/\/www.rosarioalerta.com.ar\/site\/archivos\/31259","title":{"rendered":"Qued\u00f3 detenido el colombiano al que le secuestraron armas y drogas"},"content":{"rendered":"\n<p>El acusado hab\u00eda sido expulsado del pa\u00eds en 2023 por narcotr\u00e1fico<\/p>\n\n\n\n<p>Un <strong>ciudadano colombiano de 33 a\u00f1os<\/strong> fue imputado y qued\u00f3 en prisi\u00f3n preventiva por tenencia de estupefacientes con fines de comercializaci\u00f3n tras ser detenido el fin de semana en Rosario. El procedimiento se realiz\u00f3 en el macrocentro de la ciudad, donde la <strong>Polic\u00eda de Seguridad Aeroportuaria<\/strong> secuestr\u00f3 <strong>m\u00e1s de un kilo de coca\u00edna<\/strong>, <strong>otras drogas, armas y dinero en efectivo.<\/strong> El acusado, <strong>V\u00edctor Sleyner Acevedo Figueroa<\/strong> hab\u00eda sido expulsado del pa\u00eds en 2023 luego de cumplir una condena por narcotr\u00e1fico, pero regres\u00f3 de manera clandestina.<\/p>\n\n\n\n<p>La imputaci\u00f3n fue presentada el lunes por los fiscales federales <strong>Mat\u00edas Scilabra y Mat\u00edas Men\u00e9<\/strong> ante el juez de Garant\u00edas <strong>Carlos Vera Barros<\/strong>, quien dispuso <strong>180 d\u00edas de prisi\u00f3n preventiva<\/strong> mientras avanza la investigaci\u00f3n.<\/p>\n\n\n\n<p>La detenci\u00f3n se produjo tras una investigaci\u00f3n de la Oficina de Narcocriminalidad de la Unidad Fiscal Rosario, con apoyo de la Procuradur\u00eda de Narcocriminalidad (PROCUNAR).<\/p>\n\n\n\n<p>El 28 de febrero, durante allanamientos en un domicilio de <strong>Oliden al 4200<\/strong>, los agentes incautaron <strong>1156 gramos de coca\u00edna<\/strong>. Entre los elementos hallados hab\u00eda un paquete de <strong>1027 gramos<\/strong> con un sello en bajorrelieve del logo \u201c<strong>Rolex<\/strong>\u201d y otras dos bolsas con menores cantidades.<\/p>\n\n\n\n<p>En el mismo lugar tambi\u00e9n encontraron dos pistolas \u2014Taurus y Glock\u2014, 266 municiones calibre 9 mm y .38, una balanza de precisi\u00f3n y documentaci\u00f3n personal.<\/p>\n\n\n\n<p><strong>M\u00e1s drogas en un departamento del macrocentro<\/strong><\/p>\n\n\n\n<p>El acusado fue detenido en el piso 15 de un edificio de avenida <strong>Belgrano al 900,<\/strong> a pocas cuadras del <strong>Monumento a la Bandera<\/strong>.<\/p>\n\n\n\n<p>En ese departamento <strong>secuestraron marihuana, \u00e9xtasis, ketamina, coca\u00edna y semillas de cannabis.<\/strong> Seg\u00fan los investigadores, las tareas de vigilancia mostraron movimientos frecuentes del sospechoso, especialmente de noche, compatibles con maniobras de venta de drogas.<\/p>\n\n\n\n<p>Para la fiscal\u00eda, la cantidad de sustancias, los elementos de fraccionamiento y las armas halladas indican que la droga estaba destinada a su comercializaci\u00f3n.<\/p>\n\n\n\n<p>Durante la audiencia, los fiscales detallaron que la causa incluy\u00f3 intervenciones telef\u00f3nicas, seguimientos e informes de inteligencia.<\/p>\n\n\n\n<p>Parte de la informaci\u00f3n surgi\u00f3 de un celular secuestrado en otra investigaci\u00f3n del Ministerio P\u00fablico de la Acusaci\u00f3n de Santa Fe, que analiza posibles v\u00ednculos del acusado con hechos de intimidaci\u00f3n p\u00fablica y balaceras en Rosario.<\/p>\n\n\n\n<p>Adem\u00e1s, se detectaron env\u00edos de dinero a trav\u00e9s <strong>de Western Union<\/strong> hacia <strong>Bolivia, Colombia y Costa Rica<\/strong>, lo que forma parte de las l\u00edneas de investigaci\u00f3n.<\/p>\n\n\n\n<p>En la audiencia se reprodujeron fragmentos de conversaciones telef\u00f3nicas del imputado, donde hac\u00eda referencia a su situaci\u00f3n de clandestinidad.<\/p>\n\n\n\n<p>En uno de los di\u00e1logos expres\u00f3:<br><strong><em>\u201cNo salgo de mi casa&#8230; no puedo confiar en nadie\u201d.<\/em><\/strong><\/p>\n\n\n\n<p>En otro mensaje dijo:<br><strong><em>\u201cYo con plata encerrado en una maldita casa\u201d.<\/em><\/strong><\/p>\n\n\n\n<p>El fiscal <strong>Scilabra<\/strong> sostuvo que existe riesgo de fuga, ya que el acusado hab\u00eda sido expulsado del pa\u00eds tras cumplir una condena previa.<\/p>\n\n\n\n<p>En <strong>mayo de 2021<\/strong>, el <strong>Tribunal Oral en lo Criminal Federal N\u00b01 de Rosario<\/strong> lo conden\u00f3 por narcotr\u00e1fico. Esa pena fue unificada con otra dictada por la justicia provincial, fij\u00e1ndose una condena \u00fanica de cinco a\u00f1os de prisi\u00f3n.<\/p>\n\n\n\n<p>Tras cumplirla, <strong>fue expulsado<\/strong> de <strong>Argentina en octubre de 2023<\/strong>. Sin embargo, volvi\u00f3 a ingresar por pasos no habilitados y permanec\u00eda en Rosario hasta su detenci\u00f3n. La investigaci\u00f3n contin\u00faa mientras el acusado permanece detenido<\/p>\n<div class=\"newspaper-x-tags\"><strong>TAGS: <\/strong><span><a href=\"https:\/\/www.rosarioalerta.com.ar\/site\/archivos\/tag\/noticias-de-rosario\" rel=\"tag\">Noticias de Rosario<\/a><\/span><a href=\"https:\/\/www.rosarioalerta.com.ar\/site\/archivos\/tag\/rosario\" rel=\"tag\">Rosario<\/a><\/span><a href=\"https:\/\/www.rosarioalerta.com.ar\/site\/archivos\/tag\/santa-fe\" rel=\"tag\">Santa Fe<\/a> <\/div>","protected":false},"excerpt":{"rendered":"<p>El acusado hab\u00eda sido expulsado del pa\u00eds en 2023 por narcotr\u00e1fico Un ciudadano colombiano de 33 a\u00f1os fue imputado y qued\u00f3 en prisi\u00f3n preventiva por tenencia de estupefacientes con fines de comercializaci\u00f3n tras ser detenido el fin de semana en Rosario. El procedimiento se realiz\u00f3 en el macrocentro de la ciudad, donde la Polic\u00eda de [&hellip;]<\/p>\n","protected":false},"author":2,"featured_media":31260,"comment_status":"open","ping_status":"open","sticky":false,"template":"","format":"standard","meta":{"_joinchat":[],"footnotes":""},"categories":[13,21],"tags":[95,55,65],"class_list":["post-31259","post","type-post","status-publish","format-standard","has-post-thumbnail","hentry","category-judiciales","category-noticias","tag-noticias-de-rosario","tag-rosario","tag-santa-fe"],"_links":{"self":[{"href":"https:\/\/www.rosarioalerta.com.ar\/site\/wp-json\/wp\/v2\/posts\/31259","targetHints":{"allow":["GET"]}}],"collection":[{"href":"https:\/\/www.rosarioalerta.com.ar\/site\/wp-json\/wp\/v2\/posts"}],"about":[{"href":"https:\/\/www.rosarioalerta.com.ar\/site\/wp-json\/wp\/v2\/types\/post"}],"author":[{"embeddable":true,"href":"https:\/\/www.rosarioalerta.com.ar\/site\/wp-json\/wp\/v2\/users\/2"}],"replies":[{"embeddable":true,"href":"https:\/\/www.rosarioalerta.com.ar\/site\/wp-json\/wp\/v2\/comments?post=31259"}],"version-history":[{"count":1,"href":"https:\/\/www.rosarioalerta.com.ar\/site\/wp-json\/wp\/v2\/posts\/31259\/revisions"}],"predecessor-version":[{"id":31261,"href":"https:\/\/www.rosarioalerta.com.ar\/site\/wp-json\/wp\/v2\/posts\/31259\/revisions\/31261"}],"wp:featuredmedia":[{"embeddable":true,"href":"https:\/\/www.rosarioalerta.com.ar\/site\/wp-json\/wp\/v2\/media\/31260"}],"wp:attachment":[{"href":"https:\/\/www.rosarioalerta.com.ar\/site\/wp-json\/wp\/v2\/media?parent=31259"}],"wp:term":[{"taxonomy":"category","embeddable":true,"href":"https:\/\/www.rosarioalerta.com.ar\/site\/wp-json\/wp\/v2\/categories?post=31259"},{"taxonomy":"post_tag","embeddable":true,"href":"https:\/\/www.rosarioalerta.com.ar\/site\/wp-json\/wp\/v2\/tags?post=31259"}],"curies":[{"name":"wp","href":"https:\/\/api.w.org\/{rel}","templated":true}]}}