{"id":31254,"date":"2026-03-05T08:03:56","date_gmt":"2026-03-05T11:03:56","guid":{"rendered":"https:\/\/www.rosarioalerta.com.ar\/site\/?p=31254"},"modified":"2026-03-05T08:03:58","modified_gmt":"2026-03-05T11:03:58","slug":"un-joven-quedo-preso-por-colgar-una-pancarta","status":"publish","type":"post","link":"https:\/\/www.rosarioalerta.com.ar\/site\/archivos\/31254","title":{"rendered":"Un joven qued\u00f3 preso por colgar una pancarta"},"content":{"rendered":"\n<p>Se trataban de amenazas que se hicieron p\u00fablicas en Circunvalaci\u00f3n y Uriburu<\/p>\n\n\n\n<p>La Justicia imput\u00f3 a un adolescente de 18 a\u00f1os por exhibir una bandera con mensajes vinculados a bandas criminales. El hecho ocurri\u00f3 el 26 de febrero y fue registrado por c\u00e1maras de seguridad. Un joven de 18 a\u00f1os identificado como <strong>Uriel M<\/strong>. qued\u00f3 en prisi\u00f3n preventiva tras ser imputado por intimidaci\u00f3n p\u00fablica luego de colgar una pancarta con contenido amenazante en <strong>Circunvalaci\u00f3n y Uriburu<\/strong>, en la zona sur de Rosario. El hecho ocurri\u00f3 durante la madrugada del 26 de febrero de 2026 y fue detectado a trav\u00e9s de c\u00e1maras de vigilancia que permitieron identificar al sospechoso.<\/p>\n\n\n\n<p>La acusaci\u00f3n fue presentada por el fiscal <strong>David Carizza<\/strong>, quien sostuvo que la exhibici\u00f3n del mensaje ten\u00eda como objetivo generar temor en la poblaci\u00f3n y difundir referencias a grupos criminales activos en la ciudad.<\/p>\n\n\n\n<p>De acuerdo con la investigaci\u00f3n, <strong>Uriel M<\/strong>. actu\u00f3 junto a dos personas a\u00fan no identificadas. Los tres habr\u00edan colgado una s\u00e1bana con un mensaje escrito que hac\u00eda referencia a integrantes de la llamada <strong>Banda de Los Menores<\/strong>, organizaci\u00f3n mencionada con frecuencia en investigaciones judiciales recientes.<\/p>\n\n\n\n<p>La pancarta apareci\u00f3 instalada en un punto visible del cruce entre <strong>Circunvalaci\u00f3n y Uriburu<\/strong>, un sector de alto tr\u00e1nsito vehicular. El texto inclu\u00eda frases dirigidas a miembros de esa estructura delictiva y cuestionaba presuntos aprietes contra personas ajenas a esos conflictos.<\/p>\n\n\n\n<p>Las c\u00e1maras de seguridad captaron la secuencia minutos despu\u00e9s de la colocaci\u00f3n del cartel.<\/p>\n\n\n\n<p>Los registros fueron analizados mediante el <strong>sistema Lince<\/strong>, una plataforma que centraliza im\u00e1genes de videovigilancia y utiliza herramientas de an\u00e1lisis para identificar personas.<\/p>\n\n\n\n<p>Con ese material, los investigadores lograron reconocer a <strong>Uriel M<\/strong>., quien fue localizado y detenido en su domicilio de <strong>Grandoli<\/strong>, a pocas cuadras del lugar donde hab\u00eda sido desplegada la pancarta.<\/p>\n\n\n\n<p>El procedimiento se realiz\u00f3 d\u00edas despu\u00e9s del hecho, con intervenci\u00f3n del Ministerio P\u00fablico de la Acusaci\u00f3n.<\/p>\n\n\n\n<p>Durante la audiencia imputativa, el fiscal <strong>David Carizza<\/strong> explic\u00f3 que el contenido del mensaje ten\u00eda un <strong><em>\u201cclaro v\u00ednculo con personas asociadas a grupos criminales que aparecen en las cr\u00f3nicas policiales actuales\u201d.<\/em><\/strong><\/p>\n\n\n\n<p>El funcionario se\u00f1al\u00f3 que este tipo de acciones pueden provocar temor social y generar un contexto de riesgo para la seguridad p\u00fablica, por lo que se encuadr\u00f3 el caso dentro del delito de intimidaci\u00f3n p\u00fablica.<\/p>\n\n\n\n<p>Uno de los nombres mencionados en la pancarta ser\u00eda <strong>Lautaro \u201cWifi\u201d Brest, <\/strong>un joven relacionado con la <strong>Banda de Los Menores<\/strong>.<\/p>\n\n\n\n<p>Seg\u00fan fuentes policiales, <strong>Brest<\/strong> fue demorado al d\u00eda siguiente en <strong>Rouill\u00f3n al 3500,<\/strong> en la zona oeste de Rosario, durante un incidente dom\u00e9stico.<\/p>\n\n\n\n<p>La investigaci\u00f3n contin\u00faa para identificar a las otras dos personas que participaron en la colocaci\u00f3n de la pancarta.<\/p>\n\n\n\n<p>Tras la audiencia, la Justicia resolvi\u00f3 que <strong>Uriel M<\/strong>. contin\u00fae detenido mientras avanza el proceso penal. La Fiscal\u00eda busca determinar si el hecho tuvo relaci\u00f3n con otras acciones intimidatorias registradas recientemente en la ciudad.<\/p>\n<div class=\"newspaper-x-tags\"><strong>TAGS: <\/strong><span><a href=\"https:\/\/www.rosarioalerta.com.ar\/site\/archivos\/tag\/noticias-de-rosario\" rel=\"tag\">Noticias de Rosario<\/a><\/span><a href=\"https:\/\/www.rosarioalerta.com.ar\/site\/archivos\/tag\/rosario\" rel=\"tag\">Rosario<\/a><\/span><a href=\"https:\/\/www.rosarioalerta.com.ar\/site\/archivos\/tag\/santa-fe\" rel=\"tag\">Santa Fe<\/a> <\/div>","protected":false},"excerpt":{"rendered":"<p>Se trataban de amenazas que se hicieron p\u00fablicas en Circunvalaci\u00f3n y Uriburu La Justicia imput\u00f3 a un adolescente de 18 a\u00f1os por exhibir una bandera con mensajes vinculados a bandas criminales. El hecho ocurri\u00f3 el 26 de febrero y fue registrado por c\u00e1maras de seguridad. Un joven de 18 a\u00f1os identificado como Uriel M. qued\u00f3 [&hellip;]<\/p>\n","protected":false},"author":2,"featured_media":31255,"comment_status":"open","ping_status":"open","sticky":false,"template":"","format":"standard","meta":{"_joinchat":[],"footnotes":""},"categories":[11,13,21],"tags":[95,55,65],"class_list":["post-31254","post","type-post","status-publish","format-standard","has-post-thumbnail","hentry","category-detenidos","category-judiciales","category-noticias","tag-noticias-de-rosario","tag-rosario","tag-santa-fe"],"_links":{"self":[{"href":"https:\/\/www.rosarioalerta.com.ar\/site\/wp-json\/wp\/v2\/posts\/31254","targetHints":{"allow":["GET"]}}],"collection":[{"href":"https:\/\/www.rosarioalerta.com.ar\/site\/wp-json\/wp\/v2\/posts"}],"about":[{"href":"https:\/\/www.rosarioalerta.com.ar\/site\/wp-json\/wp\/v2\/types\/post"}],"author":[{"embeddable":true,"href":"https:\/\/www.rosarioalerta.com.ar\/site\/wp-json\/wp\/v2\/users\/2"}],"replies":[{"embeddable":true,"href":"https:\/\/www.rosarioalerta.com.ar\/site\/wp-json\/wp\/v2\/comments?post=31254"}],"version-history":[{"count":1,"href":"https:\/\/www.rosarioalerta.com.ar\/site\/wp-json\/wp\/v2\/posts\/31254\/revisions"}],"predecessor-version":[{"id":31256,"href":"https:\/\/www.rosarioalerta.com.ar\/site\/wp-json\/wp\/v2\/posts\/31254\/revisions\/31256"}],"wp:featuredmedia":[{"embeddable":true,"href":"https:\/\/www.rosarioalerta.com.ar\/site\/wp-json\/wp\/v2\/media\/31255"}],"wp:attachment":[{"href":"https:\/\/www.rosarioalerta.com.ar\/site\/wp-json\/wp\/v2\/media?parent=31254"}],"wp:term":[{"taxonomy":"category","embeddable":true,"href":"https:\/\/www.rosarioalerta.com.ar\/site\/wp-json\/wp\/v2\/categories?post=31254"},{"taxonomy":"post_tag","embeddable":true,"href":"https:\/\/www.rosarioalerta.com.ar\/site\/wp-json\/wp\/v2\/tags?post=31254"}],"curies":[{"name":"wp","href":"https:\/\/api.w.org\/{rel}","templated":true}]}}