{"id":31251,"date":"2026-03-05T08:01:30","date_gmt":"2026-03-05T11:01:30","guid":{"rendered":"https:\/\/www.rosarioalerta.com.ar\/site\/?p=31251"},"modified":"2026-03-05T08:13:36","modified_gmt":"2026-03-05T11:13:36","slug":"siniestro-vial-fatal-en-ruta-nacional-33","status":"publish","type":"post","link":"https:\/\/www.rosarioalerta.com.ar\/site\/archivos\/31251","title":{"rendered":"Siniestro vial fatal en Ruta Nacional 33"},"content":{"rendered":"\n<p>Un muerto y dos heridos tras el choque frontal de camiones en Zavalla<\/p>\n\n\n\n<p>El siniestro ocurri\u00f3 ayer por la tarde sobre el tramo de la <strong>Ruta Nacional 33<\/strong>, entre <strong>Zavalla y P\u00e9rez<\/strong>, donde el tr\u00e1nsito hasta las primeras horas del jueves continuaba cortado. Bomberos, ambulancias y un helic\u00f3ptero sanitario trabajaron en el rescate de las v\u00edctimas.<\/p>\n\n\n\n<p>Un siniestro vial entre dos camiones de gran porte dej\u00f3 un hombre fallecido y dos personas heridas, por causas que a\u00fan se investigan, ambos veh\u00edculos colisionaron de frente, uno de ellos se incendi\u00f3 completamente y varias unidades de emergencia debieron intervenir para rescatar a las v\u00edctimas.<\/p>\n\n\n\n<p>El procedimiento se inici\u00f3 tras un llamado que alert\u00f3 sobre el choque y la posibilidad de personas atrapadas dentro de los camiones. En el lugar trabajaron <strong>Bomberos Voluntarios de P\u00e9rez y Zavalla<\/strong>, personal policial, ambulancias del <strong>SIES<\/strong> y el helic\u00f3ptero sanitario, mientras coordinaban tareas de rescate, asistencia y desv\u00edos de tr\u00e1nsito.<\/p>\n\n\n\n<p>De acuerdo con la informaci\u00f3n oficial, el impacto se produjo en horas de la tarde cuando dos camiones colisionaron frontalmente por motivos que a\u00fan se intentan determinar. Al llegar al lugar, los equipos de emergencia confirmaron que uno de los veh\u00edculos estaba envuelto en llamas, lo que dificult\u00f3 el acceso inmediato a la cabina.<\/p>\n\n\n\n<p>Los rescatistas lograron extraer con vida a uno de los conductores, quien fue trasladado en estado grave para recibir atenci\u00f3n m\u00e9dica. Otro ocupante result\u00f3 herido y fue asistido por personal sanitario.<\/p>\n\n\n\n<p>Durante las tareas de inspecci\u00f3n se constat\u00f3 el fallecimiento de uno de los involucrados, por lo que se dio intervenci\u00f3n a la <strong>Polic\u00eda de Investigaciones<\/strong> (PDI) para las actuaciones correspondientes.<\/p>\n\n\n\n<p>El despliegue incluy\u00f3 tres ambulancias, unidades de bomberos, personal de tr\u00e1nsito de <strong>Zavalla y P\u00e9rez<\/strong> y m\u00f3viles policiales de <strong>Soldini<\/strong>.<\/p>\n\n\n\n<p>Debido a la magnitud del impacto y al incendio del cami\u00f3n, solicitaron adem\u00e1s apoyo a\u00e9reo sanitario para agilizar el traslado de los heridos.<\/p>\n\n\n\n<p>Las autoridades trabajaron durante varias horas en la zona para asegurar el lugar, extinguir el fuego y relevar pruebas que permitan reconstruir el hecho.<\/p>\n\n\n\n<p>En cuanto a los involucrados, el fallecido fue identificado como; <strong>Alejandro David S\u00e1nchez de 34 a\u00f1os<\/strong>, oriundo de <strong>Rosario<\/strong>. Mientras que los lesionados ser\u00edan hijo y padre, de 29 y 56 a\u00f1os oriundos de <strong>Pericos, Provincia de Jujuy, <\/strong>el primero de estos, ser\u00eda quien estaba al mando del cami\u00f3n<strong>. <\/strong>Ambos permanecen internados en observaci\u00f3n<\/p>\n\n\n\n<p><strong>Otro hecho tr\u00e1gico<\/strong><\/p>\n\n\n\n<p>La misma jornada tambi\u00e9n registr\u00f3 un accidente laboral con resultado fatal en <strong>Pte Roca al 2500<\/strong>, de Rosario. En horas de la ma\u00f1ana <strong>F\u00e9lix Jes\u00fas A de 51 a\u00f1os,<\/strong> realizaba tareas de mantenimiento en el techo de un estacionamiento privado junto a su hijo de 28 a\u00f1os.<\/p>\n\n\n\n<p>Seg\u00fan relat\u00f3 el joven, su padre pis\u00f3 una chapa pl\u00e1stica que se rompi\u00f3, lo que provoc\u00f3 una ca\u00edda al vac\u00edo. Personal m\u00e9dico confirm\u00f3 el fallecimiento en el lugar.<\/p>\n\n\n\n<p>Por disposici\u00f3n de la fiscal <strong>Piazza Iglesias<\/strong>, intervino el <strong>Gabinete Criminal\u00edstico de la PDI <\/strong>y el cuerpo fue trasladado para la autopsia correspondiente.<\/p>\n\n\n\n<p>Horas m\u00e1s tarde, se registr\u00f3 otro accidente laboral en <strong>calle 1329 y Cullen y Ugarte. <\/strong>La v\u00edctima de 30 a\u00f1os, realizaba tareas de mantenimiento en una columna de alumbrado de un club. Seg\u00fan su relato, fue atacado por abejas, lo que provoc\u00f3 que cayera desde unos seis metros de altura.<\/p>\n\n\n\n<p>El trabajador sufri\u00f3 traumatismos en el t\u00f3rax y fue trasladado por personal m\u00e9dico al <strong>Hospital Eva Per\u00f3n<\/strong> para su atenci\u00f3n.<\/p>\n\n\n\n<p>Las autoridades contin\u00faan trabajando para determinar las circunstancias del siniestro vial en <strong>Ruta Nacional 33<\/strong> y las responsabilidades en los accidentes laborales registrados durante la jornada.<\/p>\n<div class=\"newspaper-x-tags\"><strong>TAGS: <\/strong><span><a href=\"https:\/\/www.rosarioalerta.com.ar\/site\/archivos\/tag\/noticias-de-rosario\" rel=\"tag\">Noticias de Rosario<\/a><\/span><a href=\"https:\/\/www.rosarioalerta.com.ar\/site\/archivos\/tag\/noticias-de-zavalla\" rel=\"tag\">Noticias de Zavalla<\/a><\/span><a href=\"https:\/\/www.rosarioalerta.com.ar\/site\/archivos\/tag\/rosario\" rel=\"tag\">Rosario<\/a><\/span><a href=\"https:\/\/www.rosarioalerta.com.ar\/site\/archivos\/tag\/santa-fe\" rel=\"tag\">Santa Fe<\/a><\/span><a href=\"https:\/\/www.rosarioalerta.com.ar\/site\/archivos\/tag\/zavalla\" rel=\"tag\">Zavalla<\/a> <\/div>","protected":false},"excerpt":{"rendered":"<p>Un muerto y dos heridos tras el choque frontal de camiones en Zavalla El siniestro ocurri\u00f3 ayer por la tarde sobre el tramo de la Ruta Nacional 33, entre Zavalla y P\u00e9rez, donde el tr\u00e1nsito hasta las primeras horas del jueves continuaba cortado. Bomberos, ambulancias y un helic\u00f3ptero sanitario trabajaron en el rescate de las [&hellip;]<\/p>\n","protected":false},"author":2,"featured_media":31252,"comment_status":"open","ping_status":"open","sticky":false,"template":"","format":"standard","meta":{"_joinchat":[],"footnotes":""},"categories":[21,14,10],"tags":[95,443,55,65,442],"class_list":["post-31251","post","type-post","status-publish","format-standard","has-post-thumbnail","hentry","category-noticias","category-policiales","category-siniestros-viales","tag-noticias-de-rosario","tag-noticias-de-zavalla","tag-rosario","tag-santa-fe","tag-zavalla"],"_links":{"self":[{"href":"https:\/\/www.rosarioalerta.com.ar\/site\/wp-json\/wp\/v2\/posts\/31251","targetHints":{"allow":["GET"]}}],"collection":[{"href":"https:\/\/www.rosarioalerta.com.ar\/site\/wp-json\/wp\/v2\/posts"}],"about":[{"href":"https:\/\/www.rosarioalerta.com.ar\/site\/wp-json\/wp\/v2\/types\/post"}],"author":[{"embeddable":true,"href":"https:\/\/www.rosarioalerta.com.ar\/site\/wp-json\/wp\/v2\/users\/2"}],"replies":[{"embeddable":true,"href":"https:\/\/www.rosarioalerta.com.ar\/site\/wp-json\/wp\/v2\/comments?post=31251"}],"version-history":[{"count":2,"href":"https:\/\/www.rosarioalerta.com.ar\/site\/wp-json\/wp\/v2\/posts\/31251\/revisions"}],"predecessor-version":[{"id":31258,"href":"https:\/\/www.rosarioalerta.com.ar\/site\/wp-json\/wp\/v2\/posts\/31251\/revisions\/31258"}],"wp:featuredmedia":[{"embeddable":true,"href":"https:\/\/www.rosarioalerta.com.ar\/site\/wp-json\/wp\/v2\/media\/31252"}],"wp:attachment":[{"href":"https:\/\/www.rosarioalerta.com.ar\/site\/wp-json\/wp\/v2\/media?parent=31251"}],"wp:term":[{"taxonomy":"category","embeddable":true,"href":"https:\/\/www.rosarioalerta.com.ar\/site\/wp-json\/wp\/v2\/categories?post=31251"},{"taxonomy":"post_tag","embeddable":true,"href":"https:\/\/www.rosarioalerta.com.ar\/site\/wp-json\/wp\/v2\/tags?post=31251"}],"curies":[{"name":"wp","href":"https:\/\/api.w.org\/{rel}","templated":true}]}}