{"id":31248,"date":"2026-03-05T07:57:26","date_gmt":"2026-03-05T10:57:26","guid":{"rendered":"https:\/\/www.rosarioalerta.com.ar\/site\/?p=31248"},"modified":"2026-03-05T07:57:27","modified_gmt":"2026-03-05T10:57:27","slug":"imputaron-a-cuatro-personas-por-tentativa-de-homicidio-e-intimidacion-publica","status":"publish","type":"post","link":"https:\/\/www.rosarioalerta.com.ar\/site\/archivos\/31248","title":{"rendered":"Imputaron a cuatro personas por tentativa de homicidio e intimidaci\u00f3n p\u00fablica"},"content":{"rendered":"\n<p>Acusaron a tres hombres y una mujer por una serie de ataques a tiros contra comercios y veh\u00edculos en febrero<\/p>\n\n\n\n<p>Este mi\u00e9rcoles, en el <strong>Centro de Justicia Penal de Rosario<\/strong>, la fiscal de la Unidad de Violencias Altamente Lesivas <strong>Paula Barros<\/strong> imput\u00f3 a <strong>V\u00edctor Sleyner Acevedo Figueroa, Sergio Mat\u00edas Leonardi, Yamila Evelin Sanabria y Uriel Braiton Sanabria<\/strong> por tentativa de homicidio, intimidaci\u00f3n p\u00fablica agravada y otros delitos vinculados a una serie de ataques armados ocurridos en febrero en distintos puntos de la ciudad.<\/p>\n\n\n\n<p>Seg\u00fan la acusaci\u00f3n, los hechos formaron parte de un plan coordinado para intimidar a dos internos de la <strong>Unidad Penitenciaria N\u00ba 11 de Pi\u00f1ero<\/strong> y generar temor en la poblaci\u00f3n, mediante disparos contra comercios y veh\u00edculos, adem\u00e1s de la colocaci\u00f3n de mensajes amenazantes.<\/p>\n\n\n\n<p>El juez de primera instancia <strong>Marcelo Bilbao Ben\u00edtez<\/strong> dispuso prisi\u00f3n preventiva para <strong>V\u00edctor Sleyner Acevedo Figueroa, Sergio Mat\u00edas Leonardi y Uriel Braiton Sanabria<\/strong>, mientras que <strong>Yamila Evelin Sanabria, <\/strong>qued\u00f3 sujeta a medidas restrictivas no privativas de la libertad.<\/p>\n\n\n\n<p>El hecho m\u00e1s grave ocurri\u00f3 el 22 de febrero de 2026, alrededor de las 16:30, en inmediaciones de <strong>Ocampo al 100<\/strong>, en el supermercado Carrefour cuando se produjo un ataque armado contra un supermercado en horario de atenci\u00f3n al p\u00fablico.<\/p>\n\n\n\n<p>De acuerdo con la investigaci\u00f3n, <strong>Leonardi <\/strong>conduc\u00eda una Guerrero Trip 110 y habr\u00eda realizado previamente tareas de vigilancia en la zona junto a <strong>Yamila Sanabria. <\/strong>Minutos despu\u00e9s regres\u00f3 al lugar con otra persona.<\/p>\n\n\n\n<p>El acompa\u00f1ante descendi\u00f3 del veh\u00edculo y efectu\u00f3 al menos nueve disparos con una pistola calibre 9 mm hacia el interior del comercio. Los proyectiles impactaron en el \u00e1rea de estacionamiento y un cliente result\u00f3 herido, aunque sobrevivi\u00f3 por circunstancias ajenas a la voluntad de los atacantes.<\/p>\n\n\n\n<p>Tras el ataque, los agresores dejaron una nota intimidatoria y escaparon en la motocicleta.<\/p>\n\n\n\n<p>La Fiscal\u00eda tambi\u00e9n atribuy\u00f3 a la organizaci\u00f3n otros tres episodios ocurridos entre el 24 y 25 de febrero en Rosario.<\/p>\n\n\n\n<p>Uno de ellos ocurri\u00f3 el 24 de febrero a las 20:40 en <strong>Zelaya al 1300<\/strong>, donde dos personas en motocicleta dispararon 13 veces contra una camioneta Fiat Strada y dejaron un mensaje amenazante.<\/p>\n\n\n\n<p>Ese mismo d\u00eda, cerca de las 22:55, en <strong>Felipe Mor\u00e9 al 3200<\/strong>, atacaron a tiros el frente de un comercio con un arma calibre 11.25, nuevamente con una nota intimidatoria.<\/p>\n\n\n\n<p>El cuarto hecho ocurri\u00f3 el 25 de febrero a las 00:24, en <strong>Gutenberg al 1700<\/strong>, cuando tres personas en dos motos dispararon contra otro local comercial y luego huyeron.<\/p>\n\n\n\n<p>Seg\u00fan la Fiscal\u00eda, <strong>Figueroa<\/strong> habr\u00eda sido uno de los principales organizadores. La acusaci\u00f3n sostiene que ide\u00f3 y coordin\u00f3 los ataques junto a otras personas, determinando blancos, horarios y modalidad para generar impacto p\u00fablico.<\/p>\n\n\n\n<p>El hombre hab\u00eda sido deportado el 3 de agosto de 2024 tras cumplir una condena de cuatro a\u00f1os de prisi\u00f3n, pero posteriormente habr\u00eda regresado al pa\u00eds de forma irregular, indicaron fuentes judiciales.<\/p>\n\n\n\n<p>Durante un allanamiento en un domicilio de <strong>Oliden al 4200<\/strong>, los investigadores secuestraron armas de fuego, cargadores y municiones de distintos calibres, entre ellas una pistola Taurus calibre .40 con numeraci\u00f3n suprimida y una Glock 9 mm.<\/p>\n\n\n\n<p>Por su parte, <strong>Uriel Sanabria<\/strong> fue acusado de encubrir a <strong>Leonardi, <\/strong>resguard\u00e1ndolo en una vivienda de <strong>Avellaneda al 4700<\/strong>, pese a que el sospechoso ten\u00eda pedido de captura por el ataque al supermercado.<\/p>\n\n\n\n<p>Con la imputaci\u00f3n formalizada, tres de los acusados continuar\u00e1n detenidos con prisi\u00f3n preventiva, mientras avanza la investigaci\u00f3n sobre la posible participaci\u00f3n de otras personas a\u00fan no identificadas.<\/p>\n\n\n\n<p>La Fiscal\u00eda sostiene que los ataques formaron parte de una estrategia de intimidaci\u00f3n p\u00fablica con uso de armas de fuego, un delito que la Justicia investiga por su impacto en la seguridad de la ciudad.<\/p>\n<div class=\"newspaper-x-tags\"><strong>TAGS: <\/strong><span><a href=\"https:\/\/www.rosarioalerta.com.ar\/site\/archivos\/tag\/noticias-de-rosario\" rel=\"tag\">Noticias de Rosario<\/a><\/span><a href=\"https:\/\/www.rosarioalerta.com.ar\/site\/archivos\/tag\/rosario\" rel=\"tag\">Rosario<\/a><\/span><a href=\"https:\/\/www.rosarioalerta.com.ar\/site\/archivos\/tag\/santa-fe\" rel=\"tag\">Santa Fe<\/a><\/span><a href=\"https:\/\/www.rosarioalerta.com.ar\/site\/archivos\/tag\/sergio-matias-leonardi\" rel=\"tag\">Sergio Mat\u00edas Leonardi<\/a><\/span><a href=\"https:\/\/www.rosarioalerta.com.ar\/site\/archivos\/tag\/uriel-braiton-sanabria\" rel=\"tag\">Uriel Braiton Sanabria<\/a><\/span><a href=\"https:\/\/www.rosarioalerta.com.ar\/site\/archivos\/tag\/victor-sleyner-acevedo-figueroa\" rel=\"tag\">V\u00edctor Sleyner Acevedo Figueroa<\/a><\/span><a href=\"https:\/\/www.rosarioalerta.com.ar\/site\/archivos\/tag\/yamila-evelin-sanabria\" rel=\"tag\">Yamila Evelin Sanabria<\/a> <\/div>","protected":false},"excerpt":{"rendered":"<p>Acusaron a tres hombres y una mujer por una serie de ataques a tiros contra comercios y veh\u00edculos en febrero Este mi\u00e9rcoles, en el Centro de Justicia Penal de Rosario, la fiscal de la Unidad de Violencias Altamente Lesivas Paula Barros imput\u00f3 a V\u00edctor Sleyner Acevedo Figueroa, Sergio Mat\u00edas Leonardi, Yamila Evelin Sanabria y Uriel [&hellip;]<\/p>\n","protected":false},"author":2,"featured_media":31249,"comment_status":"open","ping_status":"open","sticky":false,"template":"","format":"standard","meta":{"_joinchat":[],"footnotes":""},"categories":[15,11,13,21,14],"tags":[95,55,65,2009,2011,2008,2010],"class_list":["post-31248","post","type-post","status-publish","format-standard","has-post-thumbnail","hentry","category-balaceras","category-detenidos","category-judiciales","category-noticias","category-policiales","tag-noticias-de-rosario","tag-rosario","tag-santa-fe","tag-sergio-matias-leonardi","tag-uriel-braiton-sanabria","tag-victor-sleyner-acevedo-figueroa","tag-yamila-evelin-sanabria"],"_links":{"self":[{"href":"https:\/\/www.rosarioalerta.com.ar\/site\/wp-json\/wp\/v2\/posts\/31248","targetHints":{"allow":["GET"]}}],"collection":[{"href":"https:\/\/www.rosarioalerta.com.ar\/site\/wp-json\/wp\/v2\/posts"}],"about":[{"href":"https:\/\/www.rosarioalerta.com.ar\/site\/wp-json\/wp\/v2\/types\/post"}],"author":[{"embeddable":true,"href":"https:\/\/www.rosarioalerta.com.ar\/site\/wp-json\/wp\/v2\/users\/2"}],"replies":[{"embeddable":true,"href":"https:\/\/www.rosarioalerta.com.ar\/site\/wp-json\/wp\/v2\/comments?post=31248"}],"version-history":[{"count":1,"href":"https:\/\/www.rosarioalerta.com.ar\/site\/wp-json\/wp\/v2\/posts\/31248\/revisions"}],"predecessor-version":[{"id":31250,"href":"https:\/\/www.rosarioalerta.com.ar\/site\/wp-json\/wp\/v2\/posts\/31248\/revisions\/31250"}],"wp:featuredmedia":[{"embeddable":true,"href":"https:\/\/www.rosarioalerta.com.ar\/site\/wp-json\/wp\/v2\/media\/31249"}],"wp:attachment":[{"href":"https:\/\/www.rosarioalerta.com.ar\/site\/wp-json\/wp\/v2\/media?parent=31248"}],"wp:term":[{"taxonomy":"category","embeddable":true,"href":"https:\/\/www.rosarioalerta.com.ar\/site\/wp-json\/wp\/v2\/categories?post=31248"},{"taxonomy":"post_tag","embeddable":true,"href":"https:\/\/www.rosarioalerta.com.ar\/site\/wp-json\/wp\/v2\/tags?post=31248"}],"curies":[{"name":"wp","href":"https:\/\/api.w.org\/{rel}","templated":true}]}}