{"id":31235,"date":"2026-03-04T16:22:50","date_gmt":"2026-03-04T19:22:50","guid":{"rendered":"https:\/\/www.rosarioalerta.com.ar\/site\/?p=31235"},"modified":"2026-03-04T16:22:55","modified_gmt":"2026-03-04T19:22:55","slug":"allanamientos-por-microtrafico-2","status":"publish","type":"post","link":"https:\/\/www.rosarioalerta.com.ar\/site\/archivos\/31235","title":{"rendered":"Allanamientos por microtr\u00e1fico"},"content":{"rendered":"\n<p>Dos operativos con un detenido en Empalme Graneros<\/p>\n\n\n\n<p>Un hombre fue detenido este mi\u00e9rcoles en Rosario, tras allanamientos realizados por la <strong>Polic\u00eda de Investigaciones<\/strong> (PDI) en el marco de una causa por <strong>microtr\u00e1fico<\/strong>. Los procedimientos se concretaron en viviendas de <strong>Doctor Cue al 1000 y De Angelis al 1000<\/strong>, por orden judicial, a partir de una <strong>investigaci\u00f3n iniciada el 6 de febrero<\/strong>. Interviene la Fiscal\u00eda de la Unidad de Violencia Altamente Lesiva (UVAL), a cargo de la fiscal <strong>Debiasi<\/strong>.<\/p>\n\n\n\n<p>La pesquisa comenz\u00f3 con un requerimiento judicial orientado a ubicar a un sospechoso vinculado a una presunta infracci\u00f3n a la Ley 23.737.<\/p>\n\n\n\n<p>Tras tareas de inteligencia criminal, los investigadores identificaron dos domicilios y solicitaron las \u00f3rdenes de allanamiento correspondientes. Con autorizaci\u00f3n judicial, los efectivos ingresaron a las propiedades y concretaron el procedimiento en simult\u00e1neo.<\/p>\n\n\n\n<p>En el lugar fue detenido y qued\u00f3 a disposici\u00f3n de la Justicia.<\/p>\n\n\n\n<p>Durante los operativos, el personal secuestr\u00f3 ocho celulares y tres computadoras port\u00e1tiles. Los dispositivos ser\u00e1n sometidos a peritajes para analizar comunicaciones y establecer posibles v\u00ednculos con la causa.<\/p>\n\n\n\n<p>Adem\u00e1s, incautaron autopartes de motocicleta: un motor marca Honda con numeraci\u00f3n visible, un cuadro con numeraci\u00f3n registrable, dos cuadros sin numeraci\u00f3n, piezas met\u00e1licas y pl\u00e1sticas y una rueda completa. La procedencia de estos elementos ser\u00e1 verificada.<\/p>\n\n\n\n<p>Fuentes policiales indicaron que los allanamientos fueron ordenados en el marco de la investigaci\u00f3n en curso y que el detenido, fue trasladado a sede policial por disposici\u00f3n de la fiscal interviniente.<\/p>\n<div class=\"newspaper-x-tags\"><strong>TAGS: <\/strong><span><a href=\"https:\/\/www.rosarioalerta.com.ar\/site\/archivos\/tag\/noticias-de-rosario\" rel=\"tag\">Noticias de Rosario<\/a><\/span><a href=\"https:\/\/www.rosarioalerta.com.ar\/site\/archivos\/tag\/pdi\" rel=\"tag\">PDI<\/a><\/span><a href=\"https:\/\/www.rosarioalerta.com.ar\/site\/archivos\/tag\/policia-de-investigaciones-pdi\" rel=\"tag\">Polic\u00eda de Investigaciones (PDI)<\/a><\/span><a href=\"https:\/\/www.rosarioalerta.com.ar\/site\/archivos\/tag\/rosario\" rel=\"tag\">Rosario<\/a><\/span><a href=\"https:\/\/www.rosarioalerta.com.ar\/site\/archivos\/tag\/santa-fe\" rel=\"tag\">Santa Fe<\/a><\/span><a href=\"https:\/\/www.rosarioalerta.com.ar\/site\/archivos\/tag\/uval\" rel=\"tag\">UVAL<\/a> <\/div>","protected":false},"excerpt":{"rendered":"<p>Dos operativos con un detenido en Empalme Graneros Un hombre fue detenido este mi\u00e9rcoles en Rosario, tras allanamientos realizados por la Polic\u00eda de Investigaciones (PDI) en el marco de una causa por microtr\u00e1fico. Los procedimientos se concretaron en viviendas de Doctor Cue al 1000 y De Angelis al 1000, por orden judicial, a partir de [&hellip;]<\/p>\n","protected":false},"author":2,"featured_media":31236,"comment_status":"open","ping_status":"open","sticky":false,"template":"","format":"standard","meta":{"_joinchat":[],"footnotes":""},"categories":[12,11,494,21,14],"tags":[95,470,852,55,65,2006],"class_list":["post-31235","post","type-post","status-publish","format-standard","has-post-thumbnail","hentry","category-allanamientos","category-detenidos","category-microtrafico","category-noticias","category-policiales","tag-noticias-de-rosario","tag-pdi","tag-policia-de-investigaciones-pdi","tag-rosario","tag-santa-fe","tag-uval"],"_links":{"self":[{"href":"https:\/\/www.rosarioalerta.com.ar\/site\/wp-json\/wp\/v2\/posts\/31235","targetHints":{"allow":["GET"]}}],"collection":[{"href":"https:\/\/www.rosarioalerta.com.ar\/site\/wp-json\/wp\/v2\/posts"}],"about":[{"href":"https:\/\/www.rosarioalerta.com.ar\/site\/wp-json\/wp\/v2\/types\/post"}],"author":[{"embeddable":true,"href":"https:\/\/www.rosarioalerta.com.ar\/site\/wp-json\/wp\/v2\/users\/2"}],"replies":[{"embeddable":true,"href":"https:\/\/www.rosarioalerta.com.ar\/site\/wp-json\/wp\/v2\/comments?post=31235"}],"version-history":[{"count":1,"href":"https:\/\/www.rosarioalerta.com.ar\/site\/wp-json\/wp\/v2\/posts\/31235\/revisions"}],"predecessor-version":[{"id":31237,"href":"https:\/\/www.rosarioalerta.com.ar\/site\/wp-json\/wp\/v2\/posts\/31235\/revisions\/31237"}],"wp:featuredmedia":[{"embeddable":true,"href":"https:\/\/www.rosarioalerta.com.ar\/site\/wp-json\/wp\/v2\/media\/31236"}],"wp:attachment":[{"href":"https:\/\/www.rosarioalerta.com.ar\/site\/wp-json\/wp\/v2\/media?parent=31235"}],"wp:term":[{"taxonomy":"category","embeddable":true,"href":"https:\/\/www.rosarioalerta.com.ar\/site\/wp-json\/wp\/v2\/categories?post=31235"},{"taxonomy":"post_tag","embeddable":true,"href":"https:\/\/www.rosarioalerta.com.ar\/site\/wp-json\/wp\/v2\/tags?post=31235"}],"curies":[{"name":"wp","href":"https:\/\/api.w.org\/{rel}","templated":true}]}}