{"id":31224,"date":"2026-03-04T11:33:18","date_gmt":"2026-03-04T14:33:18","guid":{"rendered":"https:\/\/www.rosarioalerta.com.ar\/site\/?p=31224"},"modified":"2026-03-04T11:33:23","modified_gmt":"2026-03-04T14:33:23","slug":"anunciaron-pagos-complementarios-y-aumento-salarial-para-las-fuerzas-de-seguridad","status":"publish","type":"post","link":"https:\/\/www.rosarioalerta.com.ar\/site\/archivos\/31224","title":{"rendered":"Anunciaron pagos complementarios y aumento salarial para las fuerzas de seguridad"},"content":{"rendered":"\n<p>El gobierno de Santa Fe inform\u00f3 este mi\u00e9rcoles que los incrementos salariales para la Polic\u00eda y el Servicio Penitenciario<\/p>\n\n\n\n<p>La medida abarca a todas las jerarqu\u00edas y busca recomponer los sueldos correspondientes a febrero, incluyendo retroactivos de diciembre 2025, aguinaldo y enero de 2026. Durante una conferencia de prensa en la Sede de Gobierno de Rosario, la secretaria de Coordinaci\u00f3n T\u00e9cnica y Administraci\u00f3n Financiera del Ministerio de Justicia y Seguridad, <strong>Georgina Orciani,<\/strong> explic\u00f3 que los salarios se ajustan de manera progresiva desde las jerarqu\u00edas m\u00e1s bajas hasta las m\u00e1s altas. Los agentes recibir\u00e1n tanto los plus preexistentes como los recientemente anunciados por el gobernador <strong>Maximiliano Pullaro<\/strong>, incluyendo los plus operativos de calle y de chofer.<\/p>\n\n\n\n<p><strong>Orciani<\/strong> ejemplific\u00f3 que <strong>un suboficial que ingres\u00f3 a la fuerza en enero pas\u00f3 de cobrar $980.000 m\u00e1s plus preexistentes a percibir $1.360.000<\/strong> <strong>en febrero<\/strong>, sumando los nuevos complementos. Por su parte, un <strong>subdirector de polic\u00eda aumentar\u00e1 de $4.360.000 a $4.824.000<\/strong>, incorporando los mismos <strong>plus adicionales<\/strong>.<\/p>\n\n\n\n<p>El ministro de Econom\u00eda, <strong>Pablo Olivares<\/strong>, aclar\u00f3 que el sueldo final de febrero se compone de los <strong>pagos iniciales realizados a comienzos de marzo m\u00e1s la planilla complementaria del 16<\/strong>. Adem\u00e1s, se\u00f1al\u00f3 que los incrementos previstos para <strong>marzo, abril, mayo y junio<\/strong> se aplicar\u00e1n conforme a los acuerdos de paritaria de la administraci\u00f3n central, asegurando continuidad y equidad en todas las jerarqu\u00edas.<\/p>\n\n\n\n<p>Esto forman parte de una pol\u00edtica de recomposici\u00f3n salarial iniciada a fines de 2025, con retroactivos y ajustes peri\u00f3dicos alineados con las paritarias de los trabajadores estatales. El gobierno subraya que la medida busca garantizar estabilidad econ\u00f3mica y reconocer la labor de los agentes en toda la provincia.<\/p>\n\n\n\n<p>En conclusi\u00f3n, <strong>los pagos complementarios del 16 de marzo consolidan los incrementos salariales de las fuerzas de seguridad<\/strong>, reforzando la continuidad de los aumentos en los meses siguientes y asegurando cobertura para todas las jerarqu\u00edas.<\/p>\n<div class=\"newspaper-x-tags\"><strong>TAGS: <\/strong><span><a href=\"https:\/\/www.rosarioalerta.com.ar\/site\/archivos\/tag\/noticias-de-rosario\" rel=\"tag\">Noticias de Rosario<\/a><\/span><a href=\"https:\/\/www.rosarioalerta.com.ar\/site\/archivos\/tag\/rosario\" rel=\"tag\">Rosario<\/a><\/span><a href=\"https:\/\/www.rosarioalerta.com.ar\/site\/archivos\/tag\/santa-fe\" rel=\"tag\">Santa Fe<\/a> <\/div>","protected":false},"excerpt":{"rendered":"<p>El gobierno de Santa Fe inform\u00f3 este mi\u00e9rcoles que los incrementos salariales para la Polic\u00eda y el Servicio Penitenciario La medida abarca a todas las jerarqu\u00edas y busca recomponer los sueldos correspondientes a febrero, incluyendo retroactivos de diciembre 2025, aguinaldo y enero de 2026. Durante una conferencia de prensa en la Sede de Gobierno de [&hellip;]<\/p>\n","protected":false},"author":2,"featured_media":31225,"comment_status":"open","ping_status":"open","sticky":false,"template":"","format":"standard","meta":{"_joinchat":[],"footnotes":""},"categories":[18,21],"tags":[95,55,65],"class_list":["post-31224","post","type-post","status-publish","format-standard","has-post-thumbnail","hentry","category-institucional","category-noticias","tag-noticias-de-rosario","tag-rosario","tag-santa-fe"],"_links":{"self":[{"href":"https:\/\/www.rosarioalerta.com.ar\/site\/wp-json\/wp\/v2\/posts\/31224","targetHints":{"allow":["GET"]}}],"collection":[{"href":"https:\/\/www.rosarioalerta.com.ar\/site\/wp-json\/wp\/v2\/posts"}],"about":[{"href":"https:\/\/www.rosarioalerta.com.ar\/site\/wp-json\/wp\/v2\/types\/post"}],"author":[{"embeddable":true,"href":"https:\/\/www.rosarioalerta.com.ar\/site\/wp-json\/wp\/v2\/users\/2"}],"replies":[{"embeddable":true,"href":"https:\/\/www.rosarioalerta.com.ar\/site\/wp-json\/wp\/v2\/comments?post=31224"}],"version-history":[{"count":1,"href":"https:\/\/www.rosarioalerta.com.ar\/site\/wp-json\/wp\/v2\/posts\/31224\/revisions"}],"predecessor-version":[{"id":31226,"href":"https:\/\/www.rosarioalerta.com.ar\/site\/wp-json\/wp\/v2\/posts\/31224\/revisions\/31226"}],"wp:featuredmedia":[{"embeddable":true,"href":"https:\/\/www.rosarioalerta.com.ar\/site\/wp-json\/wp\/v2\/media\/31225"}],"wp:attachment":[{"href":"https:\/\/www.rosarioalerta.com.ar\/site\/wp-json\/wp\/v2\/media?parent=31224"}],"wp:term":[{"taxonomy":"category","embeddable":true,"href":"https:\/\/www.rosarioalerta.com.ar\/site\/wp-json\/wp\/v2\/categories?post=31224"},{"taxonomy":"post_tag","embeddable":true,"href":"https:\/\/www.rosarioalerta.com.ar\/site\/wp-json\/wp\/v2\/tags?post=31224"}],"curies":[{"name":"wp","href":"https:\/\/api.w.org\/{rel}","templated":true}]}}