{"id":31216,"date":"2026-03-04T07:18:57","date_gmt":"2026-03-04T10:18:57","guid":{"rendered":"https:\/\/www.rosarioalerta.com.ar\/site\/?p=31216"},"modified":"2026-03-04T07:19:07","modified_gmt":"2026-03-04T10:19:07","slug":"atentaron-contra-una-anciana-en-cabin-9","status":"publish","type":"post","link":"https:\/\/www.rosarioalerta.com.ar\/site\/archivos\/31216","title":{"rendered":"Atentaron contra una anciana en Cab\u00edn 9"},"content":{"rendered":"\n<p>Ayer por la tarde la hirieron de bala en el abdomen, se recupera<\/p>\n\n\n\n<p>Una mujer de 83 a\u00f1os fue herida de bala el martes pasada las 17, en su vivienda de <strong>El Boyero al 100<\/strong>, en barrio <strong>Cab\u00edn 9 (P\u00e9rez)<\/strong>. Seg\u00fan denunci\u00f3 su nieto, dos hombres en moto pasaron frente a la casa y efectuaron disparos. La v\u00edctima, identificada como <strong>Rosa B<\/strong> sufri\u00f3 una lesi\u00f3n abdominal y fue trasladada de urgencia al <strong>Hospital de Emergencias Clemente \u00c1lvarez <\/strong>(HECA)<\/p>\n\n\n\n<p>La mujer ingres\u00f3 al nosocomio en un veh\u00edculo particular, conducido por su familiar, quien alert\u00f3 sobre lo ocurrido. De acuerdo al testimonio brindado por su nieto, los atacantes circulaban en motocicleta cuando abrieron fuego contra el domicilio. Uno de los disparos impact\u00f3 en el abdomen de la mujer. Tras el ataque, la traslad\u00f3 de inmediato al <strong>HECA<\/strong>, presentando una herida de arma de fuego en abdomen no penetrante. <strong><em>\u201cNo corre riesgo de vida y se encuentra estable\u201d<\/em><\/strong>, indicaron fuentes m\u00e9dicas.<\/p>\n\n\n\n<p>La intervenci\u00f3n qued\u00f3 a cargo de la <strong>Sub Comisar\u00eda 18\u00ba<\/strong>. Hasta el momento no se informaron sobre personas detenidas ni sobre la identificaci\u00f3n de los agresores. Los peritos analizan testimonios y posibles registros en la zona para avanzar en la investigaci\u00f3n.<\/p>\n<div class=\"newspaper-x-tags\"><strong>TAGS: <\/strong><span><a href=\"https:\/\/www.rosarioalerta.com.ar\/site\/archivos\/tag\/noticias-de-perez-2\" rel=\"tag\">Noticias de P\u00e9rez<\/a><\/span><a href=\"https:\/\/www.rosarioalerta.com.ar\/site\/archivos\/tag\/noticias-de-rosario\" rel=\"tag\">Noticias de Rosario<\/a><\/span><a href=\"https:\/\/www.rosarioalerta.com.ar\/site\/archivos\/tag\/perez-3\" rel=\"tag\">P\u00e9rez<\/a><\/span><a href=\"https:\/\/www.rosarioalerta.com.ar\/site\/archivos\/tag\/rosario\" rel=\"tag\">Rosario<\/a><\/span><a href=\"https:\/\/www.rosarioalerta.com.ar\/site\/archivos\/tag\/santa-fe\" rel=\"tag\">Santa Fe<\/a> <\/div>","protected":false},"excerpt":{"rendered":"<p>Ayer por la tarde la hirieron de bala en el abdomen, se recupera Una mujer de 83 a\u00f1os fue herida de bala el martes pasada las 17, en su vivienda de El Boyero al 100, en barrio Cab\u00edn 9 (P\u00e9rez). Seg\u00fan denunci\u00f3 su nieto, dos hombres en moto pasaron frente a la casa y efectuaron [&hellip;]<\/p>\n","protected":false},"author":2,"featured_media":31217,"comment_status":"open","ping_status":"open","sticky":false,"template":"","format":"standard","meta":{"_joinchat":[],"footnotes":""},"categories":[15,17,21,14],"tags":[427,95,428,55,65],"class_list":["post-31216","post","type-post","status-publish","format-standard","has-post-thumbnail","hentry","category-balaceras","category-heridos","category-noticias","category-policiales","tag-noticias-de-perez-2","tag-noticias-de-rosario","tag-perez-3","tag-rosario","tag-santa-fe"],"_links":{"self":[{"href":"https:\/\/www.rosarioalerta.com.ar\/site\/wp-json\/wp\/v2\/posts\/31216","targetHints":{"allow":["GET"]}}],"collection":[{"href":"https:\/\/www.rosarioalerta.com.ar\/site\/wp-json\/wp\/v2\/posts"}],"about":[{"href":"https:\/\/www.rosarioalerta.com.ar\/site\/wp-json\/wp\/v2\/types\/post"}],"author":[{"embeddable":true,"href":"https:\/\/www.rosarioalerta.com.ar\/site\/wp-json\/wp\/v2\/users\/2"}],"replies":[{"embeddable":true,"href":"https:\/\/www.rosarioalerta.com.ar\/site\/wp-json\/wp\/v2\/comments?post=31216"}],"version-history":[{"count":1,"href":"https:\/\/www.rosarioalerta.com.ar\/site\/wp-json\/wp\/v2\/posts\/31216\/revisions"}],"predecessor-version":[{"id":31218,"href":"https:\/\/www.rosarioalerta.com.ar\/site\/wp-json\/wp\/v2\/posts\/31216\/revisions\/31218"}],"wp:featuredmedia":[{"embeddable":true,"href":"https:\/\/www.rosarioalerta.com.ar\/site\/wp-json\/wp\/v2\/media\/31217"}],"wp:attachment":[{"href":"https:\/\/www.rosarioalerta.com.ar\/site\/wp-json\/wp\/v2\/media?parent=31216"}],"wp:term":[{"taxonomy":"category","embeddable":true,"href":"https:\/\/www.rosarioalerta.com.ar\/site\/wp-json\/wp\/v2\/categories?post=31216"},{"taxonomy":"post_tag","embeddable":true,"href":"https:\/\/www.rosarioalerta.com.ar\/site\/wp-json\/wp\/v2\/tags?post=31216"}],"curies":[{"name":"wp","href":"https:\/\/api.w.org\/{rel}","templated":true}]}}